{"id":2535,"date":"2021-08-23T09:23:05","date_gmt":"2021-08-23T09:23:05","guid":{"rendered":"http:\/\/crescitaeducativa.com\/?p=2535"},"modified":"2023-01-27T08:27:28","modified_gmt":"2023-01-27T08:27:28","slug":"le-domande-dei-bambini","status":"publish","type":"post","link":"https:\/\/crescitaeducativa.com\/en\/le-domande-dei-bambini\/","title":{"rendered":"L&#8217;importanza di costruire il proprio albero genealogico"},"content":{"rendered":"<div class=\"inherit-container-width wp-block-group alignfull has-white-background-color has-background is-layout-constrained wp-block-group-is-layout-constrained\"><div class=\"wp-block-group__inner-container\">\n<h2 class=\"has-text-align-center has-black-color has-text-color wp-block-heading\" style=\"font-size:24px\">L&#8217;importanza di costruire il proprio albero genealogico<\/h2>\n\n\n\n<div class=\"wp-block-columns is-layout-flex wp-container-core-columns-is-layout-28f84493 wp-block-columns-is-layout-flex\">\n<div class=\"wp-block-column is-layout-flow wp-block-column-is-layout-flow\">\n<figure class=\"wp-block-image aligncenter size-medium is-resized is-style-default\"><img decoding=\"async\" src=\"http:\/\/crescitaeducativa.com\/wp-content\/uploads\/2021\/05\/immagini-sito-232x300.png\" alt=\"Albero genealogico\" class=\"wp-image-2095\" width=\"206\" height=\"266\"\/><\/figure>\n<\/div>\n\n\n\n<div class=\"wp-block-column is-layout-flow wp-block-column-is-layout-flow\">\n<h2 class=\"has-text-align-center wp-block-heading\" style=\"font-size:24px\">e scoprire su quale ramo ci si colloca&#8230;&#8230;<\/h2>\n\n\n\n<div class=\"wp-block-columns is-layout-flex wp-container-core-columns-is-layout-28f84493 wp-block-columns-is-layout-flex\">\n<div class=\"wp-block-column is-layout-flow wp-block-column-is-layout-flow\">\n<p class=\"has-drop-cap\">Sicuramente il nostro bambino si pone tante domande: come sono nato, da dove vengo. Domande volte a capire il suo ruolo all&#8217;interno della famiglia, o meglio la sua posizione gerarchica.<\/p>\n<\/div>\n<\/div>\n<\/div>\n<\/div>\n\n\n\n<p>Il periodo dei no, il periodo dei perch\u00e9 \u00e8 tipico della sua ricerca di questa posizione gerarchica all&#8217;interno della famiglia. Per un bambino \u00e8 pi\u00f9 semplice dire un &#8220;NO&#8221; che porre delle domande pi\u00f9 complesse e articolate per le quali c&#8217;\u00e8 bisogno di una padronanza di un linguaggio e di crescita che ancora non gli appartiene. Crescere \u00e8 il lavoro che sta svolgendo il nostro bambino.<\/p>\n\n\n\n<p class=\"has-text-align-center\"><em>Un&#8217;importante attivit\u00e0 da svolgere insieme \u00e8 la realizzazione dell&#8217;<strong> albero genealogico.<\/strong><\/em><\/p>\n\n\n\n<p>Realizzare l&#8217;albero genealogico &nbsp;consente al bambino di dare delle risposte a domande di difficile esposizione. Tramite l&#8217;albero genealogico apprende nuove informazioni sulle sue origini. Informazioni che lo aiuteranno a conoscere il suo interiore. <\/p>\n\n\n\n<p>Se poniamo l&#8217;attenzione sul nostro passato possiamo capire che \u00e8 la nostra famiglia che ci ha condizionano nelle scelte e\/o nelle strade che abbiamo intrapreso sia con il loro appoggio sia negandoci il loro appoggio. Soprattutto nelle differenze caratteriali. Fatta eccezione nei casi in cui non ci sia equilibrio perch\u00e9 \u00e8 altrettanto vero che non tutti i nostri problemi\/freni\/limiti dipendono da essa, ma da come noi li affrontiamo.<\/p>\n\n\n\n<blockquote class=\"wp-block-quote has-vivid-red-color has-text-color is-layout-flow wp-block-quote-is-layout-flow\">\n<p><em>Realizzate un albero genealogico con i vostri bambini consente a questa consapevolezza di uscire allo scoperto.<\/em><\/p>\n<\/blockquote>\n\n\n\n<p>E&#8217; un attivit\u00e0 di crescita scoprire che la nostra mamma e il nostro pap\u00e0 sono stati bambini con le sue medesime domande. Le persone che lui vede alte ed autoritarie presenti nella sua quotidianit\u00e0 sono state persone che hanno fatto un percorso di crescita, lo stesso percorso che dovr\u00e0 affrontare lui.<\/p>\n\n\n\n<hr class=\"wp-block-separator has-alpha-channel-opacity\"\/>\n\n\n\n<h2 class=\"wp-block-heading\" style=\"font-size:26px;font-style:normal;font-weight:100\">Approfondiamo il concetto di &#8216;persone autoritarie&#8217;<\/h2>\n\n\n\n<p>L&#8217;utilizzo della parola <strong>Autoritaria<\/strong>, appena enunciata nel paragrafo precedente, non si deve cogliere nel senso stretto della parola, ma semplicemente perch\u00e9 noi adulti organizziamo il ritmo della giornata di nostro figlio. Sveglia, colazione, scuola, pranzo&#8230;.ed anche le regole essenziali per l&#8217;educazione e la salvaguardia della vita come la cintura dell&#8217;auto. Organizzazioni che il bambino si sente imposte perch\u00e9 non realizza appieno il concetto di incidente o eventi pi\u00f9 grandi. Anche se conosce il significato di &#8216;incidente&#8217; non ha ancora fatto suo il concetto.<\/p>\n\n\n\n<hr class=\"wp-block-separator has-alpha-channel-opacity\"\/>\n\n\n\n<p>Attraverso il disegno e la trascrizione dei nominativi consentiamo loro di prendere vita nei nostri ricordi. Condividi questa attivit\u00e0 con il tuo bambino concedendo loro del &#8216;tempo di qualit\u00e0&#8217;. <\/p>\n\n\n\n<div class=\"wp-block-columns is-layout-flex wp-container-core-columns-is-layout-28f84493 wp-block-columns-is-layout-flex\">\n<div class=\"wp-block-column is-layout-flow wp-block-column-is-layout-flow\">\n<div class=\"wp-block-columns is-layout-flex wp-container-core-columns-is-layout-28f84493 wp-block-columns-is-layout-flex\">\n<div class=\"wp-block-column is-layout-flow wp-block-column-is-layout-flow\" style=\"flex-basis:33.33%\">\n<blockquote class=\"wp-block-quote is-style-default has-vivid-red-color has-text-color is-layout-flow wp-block-quote-is-layout-flow\">\n<p>E&#8217;  dal nostro passato che impariamo cosa saremo nel futuro.<\/p>\n<\/blockquote>\n<\/div>\n\n\n\n<div class=\"wp-block-column is-layout-flow wp-block-column-is-layout-flow\" style=\"flex-basis:66.66%\">\n<div class=\"wp-block-columns is-layout-flex wp-container-core-columns-is-layout-28f84493 wp-block-columns-is-layout-flex\">\n<div class=\"wp-block-column is-layout-flow wp-block-column-is-layout-flow\">\n<div class=\"wp-block-columns is-layout-flex wp-container-core-columns-is-layout-28f84493 wp-block-columns-is-layout-flex\">\n<div class=\"wp-block-column is-layout-flow wp-block-column-is-layout-flow\">\n<div class=\"wp-block-columns is-layout-flex wp-container-core-columns-is-layout-28f84493 wp-block-columns-is-layout-flex\">\n<div class=\"wp-block-column is-layout-flow wp-block-column-is-layout-flow\">\n<figure class=\"wp-block-image alignleft size-full is-resized is-style-default\"><a href=\"https:\/\/amzn.to\/3aJRKSL\" target=\"_blank\" rel=\"noreferrer noopener\"><img decoding=\"async\" src=\"http:\/\/crescitaeducativa.com\/wp-content\/uploads\/2022\/06\/cover-albero-genealogico.png\" alt=\"Albero genealogico\" class=\"wp-image-3647\" width=\"93\" height=\"114\"\/><\/a><figcaption class=\"wp-element-caption\">Copertina flessibile<\/figcaption><\/figure>\n<\/div>\n\n\n\n<div class=\"wp-block-column is-layout-flow wp-block-column-is-layout-flow\">\n<figure class=\"wp-block-image size-full is-resized is-style-default\"><a href=\"https:\/\/amzn.to\/3aS8UO3\" target=\"_blank\" rel=\"noreferrer noopener\"><img decoding=\"async\" src=\"http:\/\/crescitaeducativa.com\/wp-content\/uploads\/2022\/06\/cover-cartonata-albero-genealogico.png\" alt=\"Albero genealogico\" class=\"wp-image-3648\" width=\"94\" height=\"114\"\/><\/a><figcaption class=\"wp-element-caption\">Copertina <br>rigida<\/figcaption><\/figure>\n<\/div>\n<\/div>\n<\/div>\n\n\n\n<div class=\"wp-block-column is-vertically-aligned-center is-layout-flow wp-block-column-is-layout-flow\">\n<p>Sulla base di questo articolo abbiamo sviluppato il libro che troverete a questo <a href=\"https:\/\/amzn.to\/3aJRKSL\" target=\"_blank\" rel=\"noreferrer noopener\">link<\/a>. <br><\/p>\n<\/div>\n<\/div>\n<\/div>\n<\/div>\n<\/div>\n<\/div>\n\n\n\n<p>Per rimanere aggiornato sui nuovi articoli e\/o libri in uscita iscriviti alla<a href=\"http:\/\/crescitaeducativa.com\/en\/iscriviti-alla-news-letter\/\"><mark><em> newsletter<\/em><\/mark><\/a>.<\/p>\n<\/div>\n<\/div>\n<\/div><\/div>\n\n\n\n<hr class=\"wp-block-separator has-text-color has-vivid-red-color has-css-opacity has-vivid-red-background-color has-background alignfull\"\/>\n\n\n\n<div class=\"wp-block-columns is-layout-flex wp-container-core-columns-is-layout-28f84493 wp-block-columns-is-layout-flex\">\n<div class=\"wp-block-column has-ast-global-color-6-background-color has-background is-layout-flow wp-block-column-is-layout-flow\" style=\"border-width:1px;flex-basis:80%\">\n<div class=\"wp-block-columns is-layout-flex wp-container-core-columns-is-layout-28f84493 wp-block-columns-is-layout-flex\">\n<div class=\"wp-block-column is-vertically-aligned-center is-layout-flow wp-block-column-is-layout-flow\" style=\"flex-basis:15%\">\n<figure class=\"wp-block-image aligncenter size-large is-resized is-style-default\"><img decoding=\"async\" src=\"http:\/\/crescitaeducativa.com\/wp-content\/uploads\/2022\/12\/4542-1024x1024.jpg\" alt=\"Mi presento\" class=\"wp-image-4959\" width=\"104\" height=\"104\" srcset=\"https:\/\/crescitaeducativa.com\/wp-content\/uploads\/2022\/12\/4542-1024x1024.jpg 1024w, https:\/\/crescitaeducativa.com\/wp-content\/uploads\/2022\/12\/4542-300x300.jpg 300w, https:\/\/crescitaeducativa.com\/wp-content\/uploads\/2022\/12\/4542-150x150.jpg 150w, https:\/\/crescitaeducativa.com\/wp-content\/uploads\/2022\/12\/4542-1536x1536.jpg 1536w, https:\/\/crescitaeducativa.com\/wp-content\/uploads\/2022\/12\/4542-2048x2048.jpg 2048w, https:\/\/crescitaeducativa.com\/wp-content\/uploads\/2022\/12\/4542-100x100.jpg 100w\" sizes=\"(max-width: 104px) 100vw, 104px\" \/><\/figure>\n<\/div>\n\n\n\n<div class=\"wp-block-column is-layout-flow wp-block-column-is-layout-flow\" style=\"flex-basis:2.1%\"><\/div>\n\n\n\n<div class=\"wp-block-column is-layout-flow wp-block-column-is-layout-flow\" style=\"flex-basis:82%\">\n<p><strong>Monia <\/strong>Favale<\/p>\n\n\n\n<p>Lavoro con passione. Le mie passioni sono: la terra, l&#8217;ambiente, la programmazione e crescere le mie figlie. Non sempre in questo ordine.<\/p>\n<\/div>\n<\/div>\n<\/div>\n<\/div>\n\n\n\n<hr class=\"wp-block-separator has-text-color has-vivid-red-color has-css-opacity has-vivid-red-background-color has-background alignfull\"\/>\n\n\n\n<h4 class=\"wp-block-heading\">Ti potrebbero interessare<\/h4>\n\n\n\n<div class=\"wp-block-columns is-layout-flex wp-container-core-columns-is-layout-28f84493 wp-block-columns-is-layout-flex\">\n<div class=\"wp-block-column is-layout-flow wp-block-column-is-layout-flow\"><ul style=\"font-size:15px;\" class=\"wp-block-latest-posts__list is-grid columns-3 has-dates wp-block-latest-posts\"><li><div class=\"wp-block-latest-posts__featured-image aligncenter\"><a href=\"https:\/\/crescitaeducativa.com\/en\/giochi-per-bambini\/\" aria-label=\"L&#8217;ABC dei giochi per bambini\"><img decoding=\"async\" width=\"150\" height=\"150\" src=\"https:\/\/crescitaeducativa.com\/wp-content\/uploads\/2022\/07\/caccia-al-tesoro-3-150x150.png\" class=\"attachment-thumbnail size-thumbnail wp-post-image\" alt=\"\" style=\"max-width:125px;max-height:125px;\" srcset=\"https:\/\/crescitaeducativa.com\/wp-content\/uploads\/2022\/07\/caccia-al-tesoro-3-150x150.png 150w, https:\/\/crescitaeducativa.com\/wp-content\/uploads\/2022\/07\/caccia-al-tesoro-3-300x300.png 300w, https:\/\/crescitaeducativa.com\/wp-content\/uploads\/2022\/07\/caccia-al-tesoro-3-100x100.png 100w\" sizes=\"(max-width: 150px) 100vw, 150px\" \/><\/a><\/div><a class=\"wp-block-latest-posts__post-title\" href=\"https:\/\/crescitaeducativa.com\/en\/giochi-per-bambini\/\">L&#8217;ABC dei giochi per bambini<\/a><time datetime=\"2022-07-19T15:28:16+00:00\" class=\"wp-block-latest-posts__post-date\">19 July 2022<\/time><div class=\"wp-block-latest-posts__post-excerpt\">L&#8217;ABC dei giochi per bambini Ricordo mia figlia alla scoperta del mondo, quando, con\u2026 <a class=\"wp-block-latest-posts__read-more\" href=\"https:\/\/crescitaeducativa.com\/en\/giochi-per-bambini\/\" rel=\"noopener noreferrer\">Read more<span class=\"screen-reader-text\">: L&#8217;ABC dei giochi per bambini<\/span><\/a><\/div><\/li>\n<li><div class=\"wp-block-latest-posts__featured-image aligncenter\"><a href=\"https:\/\/crescitaeducativa.com\/en\/caccia-al-tesoro\/\" aria-label=\"Caccia al tesoro\"><img decoding=\"async\" width=\"150\" height=\"150\" src=\"https:\/\/crescitaeducativa.com\/wp-content\/uploads\/image_carousel_thumbs\/foto-per-post-sito-1-e1657040433396-150x150-prbs9hf574v8aqu6x0x4eiuihzbshzgeoz6btqiya0.png\" class=\"attachment-thumbnail size-thumbnail wp-post-image\" alt=\"\" style=\"max-width:125px;max-height:125px;\" srcset=\"https:\/\/crescitaeducativa.com\/wp-content\/uploads\/2022\/07\/foto-per-post-sito-1-e1657040433396-150x150.png 150w, https:\/\/crescitaeducativa.com\/wp-content\/uploads\/2022\/07\/foto-per-post-sito-1-e1657040433396-300x300.png 300w, https:\/\/crescitaeducativa.com\/wp-content\/uploads\/2022\/07\/foto-per-post-sito-1-e1657040433396-100x100.png 100w\" sizes=\"(max-width: 150px) 100vw, 150px\" \/><\/a><\/div><a class=\"wp-block-latest-posts__post-title\" href=\"https:\/\/crescitaeducativa.com\/en\/caccia-al-tesoro\/\">Caccia al tesoro<\/a><time datetime=\"2022-07-05T16:29:30+00:00\" class=\"wp-block-latest-posts__post-date\">5 July 2022<\/time><div class=\"wp-block-latest-posts__post-excerpt\">Caccia al tesoro per bambini Dopo una giornata di duro lavoro o di infiniti\u2026 <a class=\"wp-block-latest-posts__read-more\" href=\"https:\/\/crescitaeducativa.com\/en\/caccia-al-tesoro\/\" rel=\"noopener noreferrer\">Read more<span class=\"screen-reader-text\">: Caccia al tesoro<\/span><\/a><\/div><\/li>\n<li><div class=\"wp-block-latest-posts__featured-image aligncenter\"><a href=\"https:\/\/crescitaeducativa.com\/en\/attivita-di-prescrittura\/\" aria-label=\"Attivit\u00e0 di prescrittura\"><img decoding=\"async\" width=\"150\" height=\"150\" src=\"https:\/\/crescitaeducativa.com\/wp-content\/uploads\/image_carousel_thumbs\/pregafismo-150x150-pqk4yf4qkyuc4lgh5un59d8g9m2unmm7pof2q9lnns.png\" class=\"attachment-thumbnail size-thumbnail wp-post-image\" alt=\"\" style=\"max-width:125px;max-height:125px;\" srcset=\"https:\/\/crescitaeducativa.com\/wp-content\/uploads\/2022\/03\/pregafismo-150x150.png 150w, https:\/\/crescitaeducativa.com\/wp-content\/uploads\/2022\/03\/pregafismo-300x300.png 300w, https:\/\/crescitaeducativa.com\/wp-content\/uploads\/2022\/03\/pregafismo-12x12.png 12w, https:\/\/crescitaeducativa.com\/wp-content\/uploads\/2022\/03\/pregafismo-100x100.png 100w, https:\/\/crescitaeducativa.com\/wp-content\/uploads\/2022\/03\/pregafismo.png 600w\" sizes=\"(max-width: 150px) 100vw, 150px\" \/><\/a><\/div><a class=\"wp-block-latest-posts__post-title\" href=\"https:\/\/crescitaeducativa.com\/en\/attivita-di-prescrittura\/\">Attivit\u00e0 di prescrittura<\/a><time datetime=\"2022-03-20T10:18:35+00:00\" class=\"wp-block-latest-posts__post-date\">20 March 2022<\/time><div class=\"wp-block-latest-posts__post-excerpt\">Cos&#8217;\u00e8 l&#8217;attivit\u00e0 di prescrittura L\u2019arte di imparare a scrivere viene spesso data per scontato,\u2026 <a class=\"wp-block-latest-posts__read-more\" href=\"https:\/\/crescitaeducativa.com\/en\/attivita-di-prescrittura\/\" rel=\"noopener noreferrer\">Read more<span class=\"screen-reader-text\">: Attivit\u00e0 di prescrittura<\/span><\/a><\/div><\/li>\n<li><div class=\"wp-block-latest-posts__featured-image aligncenter\"><a href=\"https:\/\/crescitaeducativa.com\/en\/il-bambino-impara-cio-che-vive-%f0%9f%92%97\/\" aria-label=\"Il bambino impara ci\u00f2 che vive\"><img decoding=\"async\" width=\"150\" height=\"150\" src=\"https:\/\/crescitaeducativa.com\/wp-content\/uploads\/image_carousel_thumbs\/bambini-150x150-pgu54ian58z0apx80vxrtplybeqifl87c9cehbte6g.jpg\" class=\"attachment-thumbnail size-thumbnail wp-post-image\" alt=\"\" style=\"max-width:125px;max-height:125px;\" srcset=\"https:\/\/crescitaeducativa.com\/wp-content\/uploads\/2021\/11\/bambini-150x150.jpg 150w, https:\/\/crescitaeducativa.com\/wp-content\/uploads\/2021\/11\/bambini-e1639391644689-300x300.jpg 300w, https:\/\/crescitaeducativa.com\/wp-content\/uploads\/2021\/11\/bambini-e1639391644689-100x100.jpg 100w, https:\/\/crescitaeducativa.com\/wp-content\/uploads\/2021\/11\/bambini-13x12.jpg 13w\" sizes=\"(max-width: 150px) 100vw, 150px\" \/><\/a><\/div><a class=\"wp-block-latest-posts__post-title\" href=\"https:\/\/crescitaeducativa.com\/en\/il-bambino-impara-cio-che-vive-%f0%9f%92%97\/\">Il bambino impara ci\u00f2 che vive<\/a><time datetime=\"2021-12-13T10:32:02+00:00\" class=\"wp-block-latest-posts__post-date\">13 December 2021<\/time><div class=\"wp-block-latest-posts__post-excerpt\">Il bambino impara ci\u00f2 che vive Durante i primi anni di vita delle mie\u2026 <a class=\"wp-block-latest-posts__read-more\" href=\"https:\/\/crescitaeducativa.com\/en\/il-bambino-impara-cio-che-vive-%f0%9f%92%97\/\" rel=\"noopener noreferrer\">Read more<span class=\"screen-reader-text\">: Il bambino impara ci\u00f2 che vive<\/span><\/a><\/div><\/li>\n<li><div class=\"wp-block-latest-posts__featured-image aligncenter\"><a href=\"https:\/\/crescitaeducativa.com\/en\/la-letterina-a-babbo-natale\/\" aria-label=\"La letterina di Babbo Natale\"><img decoding=\"async\" width=\"150\" height=\"150\" src=\"https:\/\/crescitaeducativa.com\/wp-content\/uploads\/image_carousel_thumbs\/letterina-di-babbo-natale-2-1-150x150-pglp912jqlnfv84iw8joy90va2179o98mv9cdnw1s8.png\" class=\"attachment-thumbnail size-thumbnail wp-post-image\" alt=\"\" style=\"max-width:125px;max-height:125px;\" srcset=\"https:\/\/crescitaeducativa.com\/wp-content\/uploads\/2021\/11\/letterina-di-babbo-natale-2-1-150x150.png 150w, https:\/\/crescitaeducativa.com\/wp-content\/uploads\/2021\/11\/letterina-di-babbo-natale-2-1-e1637880427820-300x300.png 300w, https:\/\/crescitaeducativa.com\/wp-content\/uploads\/2021\/11\/letterina-di-babbo-natale-2-1-e1637880427820-100x100.png 100w\" sizes=\"(max-width: 150px) 100vw, 150px\" \/><\/a><\/div><a class=\"wp-block-latest-posts__post-title\" href=\"https:\/\/crescitaeducativa.com\/en\/la-letterina-a-babbo-natale\/\">La letterina di Babbo Natale<\/a><time datetime=\"2021-11-25T22:39:04+00:00\" class=\"wp-block-latest-posts__post-date\">25 November 2021<\/time><div class=\"wp-block-latest-posts__post-excerpt\">Il \ud835\udcdd\ud835\udcea\ud835\udcfd\ud835\udcea\ud835\udcf5\ud835\udcee \u00e8 da sempre il periodo pi\u00f9 magico per grandi e piccini. Le\u2026 <a class=\"wp-block-latest-posts__read-more\" href=\"https:\/\/crescitaeducativa.com\/en\/la-letterina-a-babbo-natale\/\" rel=\"noopener noreferrer\">Read more<span class=\"screen-reader-text\">: La letterina di Babbo Natale<\/span><\/a><\/div><\/li>\n<li><div class=\"wp-block-latest-posts__featured-image aligncenter\"><a href=\"https:\/\/crescitaeducativa.com\/en\/colorare\/\" aria-label=\"Le tappe per imparare a colorare\"><img decoding=\"async\" width=\"150\" height=\"150\" src=\"https:\/\/crescitaeducativa.com\/wp-content\/uploads\/image_carousel_thumbs\/immagini-sito-4-5-150x150-pm6s9ny3bxr0upcov0w76ktxxayf9slf41yqu6ss94.png\" class=\"attachment-thumbnail size-thumbnail wp-post-image\" alt=\"\" style=\"max-width:125px;max-height:125px;\" srcset=\"https:\/\/crescitaeducativa.com\/wp-content\/uploads\/2021\/08\/immagini-sito-4-5-150x150.png 150w, https:\/\/crescitaeducativa.com\/wp-content\/uploads\/2021\/08\/immagini-sito-4-5-300x300.png 300w, https:\/\/crescitaeducativa.com\/wp-content\/uploads\/2021\/08\/immagini-sito-4-5-100x100.png 100w\" sizes=\"(max-width: 150px) 100vw, 150px\" \/><\/a><\/div><a class=\"wp-block-latest-posts__post-title\" href=\"https:\/\/crescitaeducativa.com\/en\/colorare\/\">Le tappe per imparare a colorare<\/a><time datetime=\"2021-08-24T16:27:32+00:00\" class=\"wp-block-latest-posts__post-date\">24 August 2021<\/time><div class=\"wp-block-latest-posts__post-excerpt\">Colorare \u00e8 un&#8217;attivit\u00e0 importante per la crescita del bambino Nei primi anni di et\u00e0,\u2026 <a class=\"wp-block-latest-posts__read-more\" href=\"https:\/\/crescitaeducativa.com\/en\/colorare\/\" rel=\"noopener noreferrer\">Read more<span class=\"screen-reader-text\">: Le tappe per imparare a colorare<\/span><\/a><\/div><\/li>\n<li><div class=\"wp-block-latest-posts__featured-image aligncenter\"><a href=\"https:\/\/crescitaeducativa.com\/en\/le-domande-dei-bambini\/\" aria-label=\"L&#8217;importanza di costruire il proprio albero genealogico\"><img decoding=\"async\" width=\"150\" height=\"150\" src=\"https:\/\/crescitaeducativa.com\/wp-content\/uploads\/image_carousel_thumbs\/immagini-sito-150x150-pbl9lrrmcjuxlui7a7acxs5zyxotmqqa677k45mc5k.png\" class=\"attachment-thumbnail size-thumbnail wp-post-image\" alt=\"\" style=\"max-width:125px;max-height:125px;\" srcset=\"https:\/\/crescitaeducativa.com\/wp-content\/uploads\/2021\/05\/immagini-sito-150x150.png 150w, https:\/\/crescitaeducativa.com\/wp-content\/uploads\/2021\/05\/immagini-sito-e1628920699445-100x100.png 100w\" sizes=\"(max-width: 150px) 100vw, 150px\" \/><\/a><\/div><a class=\"wp-block-latest-posts__post-title\" href=\"https:\/\/crescitaeducativa.com\/en\/le-domande-dei-bambini\/\">L&#8217;importanza di costruire il proprio albero genealogico<\/a><time datetime=\"2021-08-23T09:23:05+00:00\" class=\"wp-block-latest-posts__post-date\">23 August 2021<\/time><div class=\"wp-block-latest-posts__post-excerpt\">L&#8217;importanza di costruire il proprio albero genealogico e scoprire su quale ramo ci si\u2026 <a class=\"wp-block-latest-posts__read-more\" href=\"https:\/\/crescitaeducativa.com\/en\/le-domande-dei-bambini\/\" rel=\"noopener noreferrer\">Read more<span class=\"screen-reader-text\">: L&#8217;importanza di costruire il proprio albero genealogico<\/span><\/a><\/div><\/li>\n<\/ul><\/div>\n<\/div>","protected":false},"excerpt":{"rendered":"<p>L&#8217;importanza di costruire il proprio albero genealogico e scoprire su quale ramo ci si colloca&#8230;&#8230; Sicuramente il nostro bambino si pone tante domande: come sono nato, da dove vengo. Domande volte a capire il suo ruolo all&#8217;interno della famiglia, o meglio la sua posizione gerarchica. Il periodo dei no, il periodo dei perch\u00e9 \u00e8 tipico [&hellip;]<\/p>","protected":false},"author":1,"featured_media":2095,"comment_status":"open","ping_status":"open","sticky":false,"template":"","format":"standard","meta":{"_monsterinsights_skip_tracking":false,"_monsterinsights_sitenote_active":false,"_monsterinsights_sitenote_note":"","_monsterinsights_sitenote_category":0,"site-sidebar-layout":"default","site-content-layout":"default","ast-site-content-layout":"default","site-content-style":"default","site-sidebar-style":"default","ast-global-header-display":"","ast-banner-title-visibility":"","ast-main-header-display":"","ast-hfb-above-header-display":"","ast-hfb-below-header-display":"","ast-hfb-mobile-header-display":"","site-post-title":"disabled","ast-breadcrumbs-content":"","ast-featured-img":"disabled","footer-sml-layout":"","ast-disable-related-posts":"","theme-transparent-header-meta":"default","adv-header-id-meta":"","stick-header-meta":"","header-above-stick-meta":"","header-main-stick-meta":"","header-below-stick-meta":"","astra-migrate-meta-layouts":"default","ast-page-background-enabled":"default","ast-page-background-meta":{"desktop":{"background-color":"","background-image":"","background-repeat":"repeat","background-position":"center center","background-size":"auto","background-attachment":"scroll","background-type":"","background-media":"","overlay-type":"","overlay-color":"","overlay-opacity":"","overlay-gradient":""},"tablet":{"background-color":"","background-image":"","background-repeat":"repeat","background-position":"center center","background-size":"auto","background-attachment":"scroll","background-type":"","background-media":"","overlay-type":"","overlay-color":"","overlay-opacity":"","overlay-gradient":""},"mobile":{"background-color":"","background-image":"","background-repeat":"repeat","background-position":"center center","background-size":"auto","background-attachment":"scroll","background-type":"","background-media":"","overlay-type":"","overlay-color":"","overlay-opacity":"","overlay-gradient":""}},"ast-content-background-meta":{"desktop":{"background-color":"var(--ast-global-color-5)","background-image":"","background-repeat":"repeat","background-position":"center center","background-size":"auto","background-attachment":"scroll","background-type":"","background-media":"","overlay-type":"","overlay-color":"","overlay-opacity":"","overlay-gradient":""},"tablet":{"background-color":"var(--ast-global-color-5)","background-image":"","background-repeat":"repeat","background-position":"center center","background-size":"auto","background-attachment":"scroll","background-type":"","background-media":"","overlay-type":"","overlay-color":"","overlay-opacity":"","overlay-gradient":""},"mobile":{"background-color":"var(--ast-global-color-5)","background-image":"","background-repeat":"repeat","background-position":"center center","background-size":"auto","background-attachment":"scroll","background-type":"","background-media":"","overlay-type":"","overlay-color":"","overlay-opacity":"","overlay-gradient":""}},"footnotes":""},"categories":[9],"tags":[],"class_list":["post-2535","post","type-post","status-publish","format-standard","has-post-thumbnail","hentry","category-bambini"],"yoast_head":"<!-- This site is optimized with the Yoast SEO plugin v27.5 - https:\/\/yoast.com\/product\/yoast-seo-wordpress\/ -->\n<title>Crescita Educativa -L&#039;importanza di costruire un albero genealogico<\/title>\n<meta name=\"description\" content=\"Sicuramente il nostro bambino si pone tante domande: come sono nato, da dove vengo. Il retaggio culturale \u00e8 essenziale per una buona crescita\" \/>\n<meta name=\"robots\" content=\"index, follow, max-snippet:-1, max-image-preview:large, max-video-preview:-1\" \/>\n<link rel=\"canonical\" href=\"https:\/\/crescitaeducativa.com\/en\/le-domande-dei-bambini\/\" \/>\n<meta property=\"og:locale\" content=\"en_GB\" \/>\n<meta property=\"og:type\" content=\"article\" \/>\n<meta property=\"og:title\" content=\"Crescita Educativa -L&#039;importanza di costruire un albero genealogico\" \/>\n<meta property=\"og:description\" content=\"Sicuramente il nostro bambino si pone tante domande: come sono nato, da dove vengo. Il retaggio culturale \u00e8 essenziale per una buona crescita\" \/>\n<meta property=\"og:url\" content=\"https:\/\/crescitaeducativa.com\/en\/le-domande-dei-bambini\/\" \/>\n<meta property=\"og:site_name\" content=\"Crescita Educativa\" \/>\n<meta property=\"article:publisher\" content=\"https:\/\/www.facebook.com\/profile.php?id=100071319623794\" \/>\n<meta property=\"article:author\" content=\"https:\/\/www.facebook.com\/profile.php?id=100071319623794\" \/>\n<meta property=\"article:published_time\" content=\"2021-08-23T09:23:05+00:00\" \/>\n<meta property=\"article:modified_time\" content=\"2023-01-27T08:27:28+00:00\" \/>\n<meta property=\"og:image\" content=\"https:\/\/crescitaeducativa.com\/wp-content\/uploads\/2021\/05\/immagini-sito-e1628920699445.png\" \/>\n\t<meta property=\"og:image:width\" content=\"200\" \/>\n\t<meta property=\"og:image:height\" content=\"259\" \/>\n\t<meta property=\"og:image:type\" content=\"image\/png\" \/>\n<meta name=\"author\" content=\"Daniele\" \/>\n<meta name=\"twitter:card\" content=\"summary_large_image\" \/>\n<meta name=\"twitter:label1\" content=\"Written by\" \/>\n\t<meta name=\"twitter:data1\" content=\"Daniele\" \/>\n\t<meta name=\"twitter:label2\" content=\"Estimated reading time\" \/>\n\t<meta name=\"twitter:data2\" content=\"3 minutes\" \/>\n<script type=\"application\/ld+json\" class=\"yoast-schema-graph\">{\"@context\":\"https:\\\/\\\/schema.org\",\"@graph\":[{\"@type\":\"Article\",\"@id\":\"https:\\\/\\\/crescitaeducativa.com\\\/it_it\\\/le-domande-dei-bambini\\\/#article\",\"isPartOf\":{\"@id\":\"https:\\\/\\\/crescitaeducativa.com\\\/it_it\\\/le-domande-dei-bambini\\\/\"},\"author\":{\"name\":\"Daniele\",\"@id\":\"http:\\\/\\\/crescitaeducativa.com\\\/it_it\\\/#\\\/schema\\\/person\\\/2caf1143147e626ad401aa3c9efb597f\"},\"headline\":\"L&#8217;importanza di costruire il proprio albero genealogico\",\"datePublished\":\"2021-08-23T09:23:05+00:00\",\"dateModified\":\"2023-01-27T08:27:28+00:00\",\"mainEntityOfPage\":{\"@id\":\"https:\\\/\\\/crescitaeducativa.com\\\/it_it\\\/le-domande-dei-bambini\\\/\"},\"wordCount\":467,\"commentCount\":0,\"publisher\":{\"@id\":\"http:\\\/\\\/crescitaeducativa.com\\\/it_it\\\/#\\\/schema\\\/person\\\/2caf1143147e626ad401aa3c9efb597f\"},\"image\":{\"@id\":\"https:\\\/\\\/crescitaeducativa.com\\\/it_it\\\/le-domande-dei-bambini\\\/#primaryimage\"},\"thumbnailUrl\":\"https:\\\/\\\/crescitaeducativa.com\\\/wp-content\\\/uploads\\\/2021\\\/05\\\/immagini-sito-e1628920699445.png\",\"articleSection\":[\"Supporto alla crescita dei bambini\"],\"inLanguage\":\"en-GB\",\"potentialAction\":[{\"@type\":\"CommentAction\",\"name\":\"Comment\",\"target\":[\"https:\\\/\\\/crescitaeducativa.com\\\/it_it\\\/le-domande-dei-bambini\\\/#respond\"]}]},{\"@type\":\"WebPage\",\"@id\":\"https:\\\/\\\/crescitaeducativa.com\\\/it_it\\\/le-domande-dei-bambini\\\/\",\"url\":\"https:\\\/\\\/crescitaeducativa.com\\\/it_it\\\/le-domande-dei-bambini\\\/\",\"name\":\"Crescita Educativa -L'importanza di costruire un albero genealogico\",\"isPartOf\":{\"@id\":\"http:\\\/\\\/crescitaeducativa.com\\\/it_it\\\/#website\"},\"primaryImageOfPage\":{\"@id\":\"https:\\\/\\\/crescitaeducativa.com\\\/it_it\\\/le-domande-dei-bambini\\\/#primaryimage\"},\"image\":{\"@id\":\"https:\\\/\\\/crescitaeducativa.com\\\/it_it\\\/le-domande-dei-bambini\\\/#primaryimage\"},\"thumbnailUrl\":\"https:\\\/\\\/crescitaeducativa.com\\\/wp-content\\\/uploads\\\/2021\\\/05\\\/immagini-sito-e1628920699445.png\",\"datePublished\":\"2021-08-23T09:23:05+00:00\",\"dateModified\":\"2023-01-27T08:27:28+00:00\",\"description\":\"Sicuramente il nostro bambino si pone tante domande: come sono nato, da dove vengo. Il retaggio culturale \u00e8 essenziale per una buona crescita\",\"breadcrumb\":{\"@id\":\"https:\\\/\\\/crescitaeducativa.com\\\/it_it\\\/le-domande-dei-bambini\\\/#breadcrumb\"},\"inLanguage\":\"en-GB\",\"potentialAction\":[{\"@type\":\"ReadAction\",\"target\":[\"https:\\\/\\\/crescitaeducativa.com\\\/it_it\\\/le-domande-dei-bambini\\\/\"]}]},{\"@type\":\"ImageObject\",\"inLanguage\":\"en-GB\",\"@id\":\"https:\\\/\\\/crescitaeducativa.com\\\/it_it\\\/le-domande-dei-bambini\\\/#primaryimage\",\"url\":\"https:\\\/\\\/crescitaeducativa.com\\\/wp-content\\\/uploads\\\/2021\\\/05\\\/immagini-sito-e1628920699445.png\",\"contentUrl\":\"https:\\\/\\\/crescitaeducativa.com\\\/wp-content\\\/uploads\\\/2021\\\/05\\\/immagini-sito-e1628920699445.png\",\"width\":200,\"height\":259},{\"@type\":\"BreadcrumbList\",\"@id\":\"https:\\\/\\\/crescitaeducativa.com\\\/it_it\\\/le-domande-dei-bambini\\\/#breadcrumb\",\"itemListElement\":[{\"@type\":\"ListItem\",\"position\":1,\"name\":\"Home\",\"item\":\"http:\\\/\\\/crescitaeducativa.com\\\/it_it\\\/\"},{\"@type\":\"ListItem\",\"position\":2,\"name\":\"L&#8217;importanza di costruire il proprio albero genealogico\"}]},{\"@type\":\"WebSite\",\"@id\":\"http:\\\/\\\/crescitaeducativa.com\\\/it_it\\\/#website\",\"url\":\"http:\\\/\\\/crescitaeducativa.com\\\/it_it\\\/\",\"name\":\"Crescita Educativa\",\"description\":\"Strategie per un aiuto quotidiano\",\"publisher\":{\"@id\":\"http:\\\/\\\/crescitaeducativa.com\\\/it_it\\\/#\\\/schema\\\/person\\\/2caf1143147e626ad401aa3c9efb597f\"},\"potentialAction\":[{\"@type\":\"SearchAction\",\"target\":{\"@type\":\"EntryPoint\",\"urlTemplate\":\"http:\\\/\\\/crescitaeducativa.com\\\/it_it\\\/?s={search_term_string}\"},\"query-input\":{\"@type\":\"PropertyValueSpecification\",\"valueRequired\":true,\"valueName\":\"search_term_string\"}}],\"inLanguage\":\"en-GB\"},{\"@type\":[\"Person\",\"Organization\"],\"@id\":\"http:\\\/\\\/crescitaeducativa.com\\\/it_it\\\/#\\\/schema\\\/person\\\/2caf1143147e626ad401aa3c9efb597f\",\"name\":\"Daniele\",\"image\":{\"@type\":\"ImageObject\",\"inLanguage\":\"en-GB\",\"@id\":\"http:\\\/\\\/crescitaeducativa.com\\\/wp-content\\\/uploads\\\/2022\\\/06\\\/logo-finale-e1656349825223.png\",\"url\":\"http:\\\/\\\/crescitaeducativa.com\\\/wp-content\\\/uploads\\\/2022\\\/06\\\/logo-finale-e1656349825223.png\",\"contentUrl\":\"http:\\\/\\\/crescitaeducativa.com\\\/wp-content\\\/uploads\\\/2022\\\/06\\\/logo-finale-e1656349825223.png\",\"width\":340,\"height\":199,\"caption\":\"Daniele\"},\"logo\":{\"@id\":\"http:\\\/\\\/crescitaeducativa.com\\\/wp-content\\\/uploads\\\/2022\\\/06\\\/logo-finale-e1656349825223.png\"},\"sameAs\":[\"http:\\\/\\\/crescitaeducativa.com\\\/\",\"https:\\\/\\\/www.facebook.com\\\/profile.php?id=100071319623794\"],\"url\":\"https:\\\/\\\/crescitaeducativa.com\\\/en\\\/author\\\/fandomstore3-0gmail-com\\\/\"}]}<\/script>\n<!-- \/ Yoast SEO plugin. -->","yoast_head_json":{"title":"Crescita Educativa -L'importanza di costruire un albero genealogico","description":"Sicuramente il nostro bambino si pone tante domande: come sono nato, da dove vengo. Il retaggio culturale \u00e8 essenziale per una buona crescita","robots":{"index":"index","follow":"follow","max-snippet":"max-snippet:-1","max-image-preview":"max-image-preview:large","max-video-preview":"max-video-preview:-1"},"canonical":"https:\/\/crescitaeducativa.com\/en\/le-domande-dei-bambini\/","og_locale":"en_GB","og_type":"article","og_title":"Crescita Educativa -L'importanza di costruire un albero genealogico","og_description":"Sicuramente il nostro bambino si pone tante domande: come sono nato, da dove vengo. Il retaggio culturale \u00e8 essenziale per una buona crescita","og_url":"https:\/\/crescitaeducativa.com\/en\/le-domande-dei-bambini\/","og_site_name":"Crescita Educativa","article_publisher":"https:\/\/www.facebook.com\/profile.php?id=100071319623794","article_author":"https:\/\/www.facebook.com\/profile.php?id=100071319623794","article_published_time":"2021-08-23T09:23:05+00:00","article_modified_time":"2023-01-27T08:27:28+00:00","og_image":[{"width":200,"height":259,"url":"https:\/\/crescitaeducativa.com\/wp-content\/uploads\/2021\/05\/immagini-sito-e1628920699445.png","type":"image\/png"}],"author":"Daniele","twitter_card":"summary_large_image","twitter_misc":{"Written by":"Daniele","Estimated reading time":"3 minutes"},"schema":{"@context":"https:\/\/schema.org","@graph":[{"@type":"Article","@id":"https:\/\/crescitaeducativa.com\/it_it\/le-domande-dei-bambini\/#article","isPartOf":{"@id":"https:\/\/crescitaeducativa.com\/it_it\/le-domande-dei-bambini\/"},"author":{"name":"Daniele","@id":"http:\/\/crescitaeducativa.com\/it_it\/#\/schema\/person\/2caf1143147e626ad401aa3c9efb597f"},"headline":"L&#8217;importanza di costruire il proprio albero genealogico","datePublished":"2021-08-23T09:23:05+00:00","dateModified":"2023-01-27T08:27:28+00:00","mainEntityOfPage":{"@id":"https:\/\/crescitaeducativa.com\/it_it\/le-domande-dei-bambini\/"},"wordCount":467,"commentCount":0,"publisher":{"@id":"http:\/\/crescitaeducativa.com\/it_it\/#\/schema\/person\/2caf1143147e626ad401aa3c9efb597f"},"image":{"@id":"https:\/\/crescitaeducativa.com\/it_it\/le-domande-dei-bambini\/#primaryimage"},"thumbnailUrl":"https:\/\/crescitaeducativa.com\/wp-content\/uploads\/2021\/05\/immagini-sito-e1628920699445.png","articleSection":["Supporto alla crescita dei bambini"],"inLanguage":"en-GB","potentialAction":[{"@type":"CommentAction","name":"Comment","target":["https:\/\/crescitaeducativa.com\/it_it\/le-domande-dei-bambini\/#respond"]}]},{"@type":"WebPage","@id":"https:\/\/crescitaeducativa.com\/it_it\/le-domande-dei-bambini\/","url":"https:\/\/crescitaeducativa.com\/it_it\/le-domande-dei-bambini\/","name":"Crescita Educativa -L'importanza di costruire un albero genealogico","isPartOf":{"@id":"http:\/\/crescitaeducativa.com\/it_it\/#website"},"primaryImageOfPage":{"@id":"https:\/\/crescitaeducativa.com\/it_it\/le-domande-dei-bambini\/#primaryimage"},"image":{"@id":"https:\/\/crescitaeducativa.com\/it_it\/le-domande-dei-bambini\/#primaryimage"},"thumbnailUrl":"https:\/\/crescitaeducativa.com\/wp-content\/uploads\/2021\/05\/immagini-sito-e1628920699445.png","datePublished":"2021-08-23T09:23:05+00:00","dateModified":"2023-01-27T08:27:28+00:00","description":"Sicuramente il nostro bambino si pone tante domande: come sono nato, da dove vengo. Il retaggio culturale \u00e8 essenziale per una buona crescita","breadcrumb":{"@id":"https:\/\/crescitaeducativa.com\/it_it\/le-domande-dei-bambini\/#breadcrumb"},"inLanguage":"en-GB","potentialAction":[{"@type":"ReadAction","target":["https:\/\/crescitaeducativa.com\/it_it\/le-domande-dei-bambini\/"]}]},{"@type":"ImageObject","inLanguage":"en-GB","@id":"https:\/\/crescitaeducativa.com\/it_it\/le-domande-dei-bambini\/#primaryimage","url":"https:\/\/crescitaeducativa.com\/wp-content\/uploads\/2021\/05\/immagini-sito-e1628920699445.png","contentUrl":"https:\/\/crescitaeducativa.com\/wp-content\/uploads\/2021\/05\/immagini-sito-e1628920699445.png","width":200,"height":259},{"@type":"BreadcrumbList","@id":"https:\/\/crescitaeducativa.com\/it_it\/le-domande-dei-bambini\/#breadcrumb","itemListElement":[{"@type":"ListItem","position":1,"name":"Home","item":"http:\/\/crescitaeducativa.com\/it_it\/"},{"@type":"ListItem","position":2,"name":"L&#8217;importanza di costruire il proprio albero genealogico"}]},{"@type":"WebSite","@id":"http:\/\/crescitaeducativa.com\/it_it\/#website","url":"http:\/\/crescitaeducativa.com\/it_it\/","name":"Crescita Educativa","description":"Strategie per un aiuto quotidiano","publisher":{"@id":"http:\/\/crescitaeducativa.com\/it_it\/#\/schema\/person\/2caf1143147e626ad401aa3c9efb597f"},"potentialAction":[{"@type":"SearchAction","target":{"@type":"EntryPoint","urlTemplate":"http:\/\/crescitaeducativa.com\/it_it\/?s={search_term_string}"},"query-input":{"@type":"PropertyValueSpecification","valueRequired":true,"valueName":"search_term_string"}}],"inLanguage":"en-GB"},{"@type":["Person","Organization"],"@id":"http:\/\/crescitaeducativa.com\/it_it\/#\/schema\/person\/2caf1143147e626ad401aa3c9efb597f","name":"Daniele","image":{"@type":"ImageObject","inLanguage":"en-GB","@id":"http:\/\/crescitaeducativa.com\/wp-content\/uploads\/2022\/06\/logo-finale-e1656349825223.png","url":"http:\/\/crescitaeducativa.com\/wp-content\/uploads\/2022\/06\/logo-finale-e1656349825223.png","contentUrl":"http:\/\/crescitaeducativa.com\/wp-content\/uploads\/2022\/06\/logo-finale-e1656349825223.png","width":340,"height":199,"caption":"Daniele"},"logo":{"@id":"http:\/\/crescitaeducativa.com\/wp-content\/uploads\/2022\/06\/logo-finale-e1656349825223.png"},"sameAs":["http:\/\/crescitaeducativa.com\/","https:\/\/www.facebook.com\/profile.php?id=100071319623794"],"url":"https:\/\/crescitaeducativa.com\/en\/author\/fandomstore3-0gmail-com\/"}]}},"jetpack_featured_media_url":"https:\/\/crescitaeducativa.com\/wp-content\/uploads\/2021\/05\/immagini-sito-e1628920699445.png","_links":{"self":[{"href":"https:\/\/crescitaeducativa.com\/en\/wp-json\/wp\/v2\/posts\/2535","targetHints":{"allow":["GET"]}}],"collection":[{"href":"https:\/\/crescitaeducativa.com\/en\/wp-json\/wp\/v2\/posts"}],"about":[{"href":"https:\/\/crescitaeducativa.com\/en\/wp-json\/wp\/v2\/types\/post"}],"author":[{"embeddable":true,"href":"https:\/\/crescitaeducativa.com\/en\/wp-json\/wp\/v2\/users\/1"}],"replies":[{"embeddable":true,"href":"https:\/\/crescitaeducativa.com\/en\/wp-json\/wp\/v2\/comments?post=2535"}],"version-history":[{"count":29,"href":"https:\/\/crescitaeducativa.com\/en\/wp-json\/wp\/v2\/posts\/2535\/revisions"}],"predecessor-version":[{"id":5153,"href":"https:\/\/crescitaeducativa.com\/en\/wp-json\/wp\/v2\/posts\/2535\/revisions\/5153"}],"wp:featuredmedia":[{"embeddable":true,"href":"https:\/\/crescitaeducativa.com\/en\/wp-json\/wp\/v2\/media\/2095"}],"wp:attachment":[{"href":"https:\/\/crescitaeducativa.com\/en\/wp-json\/wp\/v2\/media?parent=2535"}],"wp:term":[{"taxonomy":"category","embeddable":true,"href":"https:\/\/crescitaeducativa.com\/en\/wp-json\/wp\/v2\/categories?post=2535"},{"taxonomy":"post_tag","embeddable":true,"href":"https:\/\/crescitaeducativa.com\/en\/wp-json\/wp\/v2\/tags?post=2535"}],"curies":[{"name":"wp","href":"https:\/\/api.w.org\/{rel}","templated":true}]}}