{"id":3285,"date":"2022-03-14T10:30:13","date_gmt":"2022-03-14T10:30:13","guid":{"rendered":"http:\/\/crescitaeducativa.com\/?p=3285"},"modified":"2023-01-27T08:16:39","modified_gmt":"2023-01-27T08:16:39","slug":"intelligenza-emotiva","status":"publish","type":"post","link":"https:\/\/crescitaeducativa.com\/en\/intelligenza-emotiva\/","title":{"rendered":"Intelligenza emotiva"},"content":{"rendered":"<h1 class=\"wp-block-heading\">Intelligenza emotiva per conciliare sentimenti e ragione<\/h1>\n\n\n\n<div class=\"wp-block-columns is-layout-flex wp-container-core-columns-is-layout-28f84493 wp-block-columns-is-layout-flex\">\n<div class=\"wp-block-column is-layout-flow wp-block-column-is-layout-flow\"><\/div>\n\n\n\n<div class=\"wp-block-column is-layout-flow wp-block-column-is-layout-flow\">\n<figure class=\"wp-block-image aligncenter size-large is-style-rounded\"><img decoding=\"async\" width=\"1024\" height=\"1024\" src=\"http:\/\/crescitaeducativa.com\/wp-content\/uploads\/2022\/03\/Intelligenza-Emotiva-foto-1024x1024.png\" alt=\"intelligenza emotiva\" class=\"wp-image-3608\"\/><\/figure>\n<\/div>\n\n\n\n<div class=\"wp-block-column is-layout-flow wp-block-column-is-layout-flow\"><\/div>\n<\/div>\n\n\n\n<p class=\"has-drop-cap\">Negli ultimi anni, il tema dell&#8217;intelligenza emotiva \u00e8 diventato sempre pi\u00f9 popolare. Le persone con un QI (quoziente intellettivo) medio hanno dimostrato di poter superare le performance di persone con un QI elevato di circa il 70% delle volte. Questo perch\u00e9 hanno un&#8217;intelligenza emotiva maggiormente sviluppata.<\/p>\n\n\n\n<p>L&#8217;intelligenza emotiva \u00e8 la capacit\u00e0 di valutare, controllare ed esprimere le proprie emozioni e di valutare i sentimenti degli altri. Se vuoi aumentare la tua intelligenza emotiva, e avere successo sia nella tua vita personale che professionale, ci sono tre semplici passaggi che puoi seguire.<\/p>\n\n\n\n<figure class=\"wp-block-pullquote is-style-default\"><blockquote><p><\/p><cite><em>Questi passaggi costituiscono un modo per iniziare a gestire le tue emozioni e, di conseguenza, essere pi\u00f9 efficace durante i momenti difficili. Per migliorare la tua intelligenza emotiva, pratica questi tre passi fino a quando non diventano naturali. Questo processo ti aiuter\u00e0 a progredire come persona in un modo che andr\u00e0 a beneficio non solo di te stesso, ma anche delle persone che ti circondano.<\/em><\/cite><\/blockquote><\/figure>\n\n\n\n<div class=\"wp-block-columns is-layout-flex wp-container-core-columns-is-layout-28f84493 wp-block-columns-is-layout-flex\">\n<div class=\"wp-block-column is-layout-flow wp-block-column-is-layout-flow\">\n<h2 class=\"has-text-align-center wp-block-heading\" style=\"font-size:23px\">3 semplici passi per aumentare la tua intelligenza emotiva<br>ed essere felici<\/h2>\n\n\n\n<div class=\"wp-block-columns is-layout-flex wp-container-core-columns-is-layout-28f84493 wp-block-columns-is-layout-flex\">\n<div class=\"wp-block-column is-layout-flow wp-block-column-is-layout-flow\">\n<h4 class=\"wp-block-heading\"><em>Passo 1: <\/em><\/h4>\n\n\n\n<p>Se ti senti spesso ansioso o teso, in particolare quando devi affrontare delle difficolt\u00e0, l&#8217;energia che spendi pu\u00f2 finire per influire negativamente sulle persone che ti circondano e bloccare i progressi che stai cercando di fare. Queste emozioni possono anche farti prendere decisioni che apparentemente alleviano la tua ansia, ma che potrebbero non essere le migliori decisioni per superare le sfide che stai affrontando. Aumentare la propria intelligenza emotiva significa imparare ad osservare il proprio comportamento. Osserva le tue emozioni in ogni dato momento. Osservare il proprio pensiero e le proprie emozioni aiuta ad incrementare la consapevolezza di s\u00e9, che \u00e8 un aspetto cruciale dell&#8217;intelligenza emotiva.<\/p>\n<\/div>\n\n\n\n<div class=\"wp-block-column is-layout-flow wp-block-column-is-layout-flow\">\n<h4 class=\"wp-block-heading\"><em> Passo 2: <\/em><\/h4>\n\n\n\n<p>Dopo aver osservato il tuo comportamento, il prossimo passo \u00e8 decidere cosa vuoi cambiare, come vorresti essere. Considera come reagisci e come ti comporti quando sei bloccato di fronte ad una difficolt\u00e0 o in un incontro che genera tensione. Se \u00e8 pur vero che essere tesi possa essere una conseguenza naturale di alcune circostanze, si tratta di un atteggiamento che non \u00e8 quasi mai utile nell\u2019agevolare la situazione e le persone coinvolte. Potresti trarre maggior beneficio da un atteggiamento calmo e lucido, un atteggiamento che permetta anche agli altri di valutare le varie possibilit\u00e0 piuttosto che sentirsi schiacciati dalla negativit\u00e0 associata alla difficolt\u00e0 da affrontare. Comunque tu decida di procedere, devi riconoscere che \u00e8 sempre una tua scelta. Anche se in apparenza potresti sentirti vittima degli altri o delle circostanze, in realt\u00e0 sei sempre tu a decidere se e come reagire.<\/p>\n<\/div>\n\n\n\n<div class=\"wp-block-column is-layout-flow wp-block-column-is-layout-flow\">\n<h4 class=\"wp-block-heading\"><em>Pass<\/em>o 3:<\/h4>\n\n\n\n<p>Prenditi il tempo per rilassare la mente, rallentare il respiro, essere tranquillo e sciogliere le tensioni. Questo \u00e8 il primo vero passo che ti permette di cambiare effettivamente il tuo stato di coscienza. Questo perch\u00e9 si tratta di una pratica che ti permette di ascoltare meglio te stesso e di aumentare la consapevolezza di te.<\/p>\n<\/div>\n<\/div>\n<\/div>\n<\/div>\n\n\n\n<div class=\"wp-block-columns is-layout-flex wp-container-core-columns-is-layout-28f84493 wp-block-columns-is-layout-flex\">\n<div class=\"wp-block-column is-layout-flow wp-block-column-is-layout-flow\">\n<h2 class=\"wp-block-heading\" style=\"font-size:23px\">Libro consigliato per approfondire la consapevolezza dell&#8217;IE<\/h2>\n\n\n\n<div class=\"wp-block-columns is-layout-flex wp-container-core-columns-is-layout-28f84493 wp-block-columns-is-layout-flex\">\n<div class=\"wp-block-column is-layout-flow wp-block-column-is-layout-flow\">\n<div class=\"wp-block-media-text alignwide is-stacked-on-mobile\" style=\"grid-template-columns:18% auto\"><figure class=\"wp-block-media-text__media\"><a href=\"https:\/\/amzn.to\/3PAB5jH\" target=\"_blank\" rel=\"noreferrer noopener\"><img decoding=\"async\" width=\"208\" height=\"320\" src=\"http:\/\/crescitaeducativa.com\/wp-content\/uploads\/2022\/07\/intelligenza-emotiva-1.jpg\" alt=\"\" class=\"wp-image-4509 size-full\" srcset=\"https:\/\/crescitaeducativa.com\/wp-content\/uploads\/2022\/07\/intelligenza-emotiva-1.jpg 208w, https:\/\/crescitaeducativa.com\/wp-content\/uploads\/2022\/07\/intelligenza-emotiva-1-768x1181.jpg 768w, https:\/\/crescitaeducativa.com\/wp-content\/uploads\/2022\/07\/intelligenza-emotiva-1-1320x2030.jpg 1320w, https:\/\/crescitaeducativa.com\/wp-content\/uploads\/2022\/07\/intelligenza-emotiva-1-600x923.jpg 600w\" sizes=\"(max-width: 208px) 100vw, 208px\" \/><\/a><\/figure><div class=\"wp-block-media-text__content\">\n<p>Il libro <a href=\"https:\/\/amzn.to\/3PAB5jH\" target=\"_blank\" rel=\"noreferrer noopener\">Intelligenza Emotiva<\/a> scritto da Daniel Goleman, con le sue 486 pagine, vi introduce all&#8217;intelligenza delle emozioni attraverso i meccanismi neurologici delle emozioni, alla loro descrizione, analizza i comportamenti e gli effetti per arrivare sul finale, a chiudere il cerchio, e rendervi consapevoli dell&#8217;intelligenza emotiva. <\/p>\n\n\n\n<p><a href=\"https:\/\/amzn.to\/3vcfI0v\" target=\"_blank\" rel=\"noreferrer noopener\">Scopri di pi\u00f9 sul libro<\/a><\/p>\n<\/div><\/div>\n<\/div>\n<\/div>\n\n\n\n<div class=\"wp-block-columns is-layout-flex wp-container-core-columns-is-layout-28f84493 wp-block-columns-is-layout-flex\">\n<div class=\"wp-block-column is-layout-flow wp-block-column-is-layout-flow\"><\/div>\n<\/div>\n<\/div>\n<\/div>\n\n\n\n<p><em>Se vuoi rimanere aggiornato sui nuovi articoli e\/o libri in uscita iscriviti alla<\/em><a href=\"http:\/\/crescitaeducativa.com\/en\/iscriviti-alla-news-letter\/\"> <em>newsletter<\/em><\/a><\/p>\n\n\n\n<hr class=\"wp-block-separator has-text-color has-vivid-red-color has-css-opacity has-vivid-red-background-color has-background alignfull\"\/>\n\n\n\n<hr class=\"wp-block-separator has-text-color has-vivid-red-color has-css-opacity has-vivid-red-background-color has-background alignfull\"\/>\n\n\n\n<h4 class=\"wp-block-heading\"><mark style=\"background-color:rgba(0, 0, 0, 0);color:#f12d2d\" class=\"has-inline-color\">Articoli correlati<\/mark><\/h4>\n\n\n\n<div class=\"wp-block-columns is-layout-flex wp-container-core-columns-is-layout-28f84493 wp-block-columns-is-layout-flex\">\n<div class=\"wp-block-column is-layout-flow wp-block-column-is-layout-flow\">\n<div class=\"inherit-container-width wp-block-group has-background is-layout-constrained wp-block-group-is-layout-constrained\" style=\"background-color:#fae5ea\"><div class=\"wp-block-group__inner-container\"><ul style=\"font-size:15px;\" class=\"wp-block-latest-posts__list is-grid columns-3 has-dates wp-block-latest-posts\"><li><div class=\"wp-block-latest-posts__featured-image aligncenter\"><a href=\"https:\/\/crescitaeducativa.com\/en\/crisi-energetica\/\" aria-label=\"Crisi energetica\"><img decoding=\"async\" width=\"150\" height=\"150\" src=\"https:\/\/crescitaeducativa.com\/wp-content\/uploads\/2023\/01\/foto-sito-150x150.png\" class=\"attachment-thumbnail size-thumbnail wp-post-image\" alt=\"\" style=\"max-width:125px;max-height:125px;\" srcset=\"https:\/\/crescitaeducativa.com\/wp-content\/uploads\/2023\/01\/foto-sito-150x150.png 150w, https:\/\/crescitaeducativa.com\/wp-content\/uploads\/2023\/01\/foto-sito-300x300.png 300w, https:\/\/crescitaeducativa.com\/wp-content\/uploads\/2023\/01\/foto-sito-1024x1024.png 1024w, https:\/\/crescitaeducativa.com\/wp-content\/uploads\/2023\/01\/foto-sito-768x768.png 768w, https:\/\/crescitaeducativa.com\/wp-content\/uploads\/2023\/01\/foto-sito-1536x1536.png 1536w, https:\/\/crescitaeducativa.com\/wp-content\/uploads\/2023\/01\/foto-sito-2048x2048.png 2048w, https:\/\/crescitaeducativa.com\/wp-content\/uploads\/2023\/01\/foto-sito-1320x1320.png 1320w, https:\/\/crescitaeducativa.com\/wp-content\/uploads\/2023\/01\/foto-sito.png 970w\" sizes=\"(max-width: 150px) 100vw, 150px\" \/><\/a><\/div><a class=\"wp-block-latest-posts__post-title\" href=\"https:\/\/crescitaeducativa.com\/en\/crisi-energetica\/\">Crisi energetica<\/a><time datetime=\"2023-01-10T11:44:41+00:00\" class=\"wp-block-latest-posts__post-date\">10 January 2023<\/time><div class=\"wp-block-latest-posts__post-excerpt\">Crisi energetica: 10 regole per un risparmio energetico fai da te Vivendo in un\u2026 <a class=\"wp-block-latest-posts__read-more\" href=\"https:\/\/crescitaeducativa.com\/en\/crisi-energetica\/\" rel=\"noopener noreferrer\">Read more<span class=\"screen-reader-text\">: Crisi energetica<\/span><\/a><\/div><\/li>\n<li><div class=\"wp-block-latest-posts__featured-image aligncenter\"><a href=\"https:\/\/crescitaeducativa.com\/en\/caccia-al-tesoro\/\" aria-label=\"Caccia al tesoro\"><img decoding=\"async\" width=\"150\" height=\"150\" src=\"https:\/\/crescitaeducativa.com\/wp-content\/uploads\/image_carousel_thumbs\/foto-per-post-sito-1-e1657040433396-150x150-prbs9hf574v8aqu6x0x4eiuihzbshzgeoz6btqiya0.png\" class=\"attachment-thumbnail size-thumbnail wp-post-image\" alt=\"\" style=\"max-width:125px;max-height:125px;\" srcset=\"https:\/\/crescitaeducativa.com\/wp-content\/uploads\/2022\/07\/foto-per-post-sito-1-e1657040433396-150x150.png 150w, https:\/\/crescitaeducativa.com\/wp-content\/uploads\/2022\/07\/foto-per-post-sito-1-e1657040433396-300x300.png 300w, https:\/\/crescitaeducativa.com\/wp-content\/uploads\/2022\/07\/foto-per-post-sito-1-e1657040433396-100x100.png 100w\" sizes=\"(max-width: 150px) 100vw, 150px\" \/><\/a><\/div><a class=\"wp-block-latest-posts__post-title\" href=\"https:\/\/crescitaeducativa.com\/en\/caccia-al-tesoro\/\">Caccia al tesoro<\/a><time datetime=\"2022-07-05T16:29:30+00:00\" class=\"wp-block-latest-posts__post-date\">5 July 2022<\/time><div class=\"wp-block-latest-posts__post-excerpt\">Caccia al tesoro per bambini Dopo una giornata di duro lavoro o di infiniti\u2026 <a class=\"wp-block-latest-posts__read-more\" href=\"https:\/\/crescitaeducativa.com\/en\/caccia-al-tesoro\/\" rel=\"noopener noreferrer\">Read more<span class=\"screen-reader-text\">: Caccia al tesoro<\/span><\/a><\/div><\/li>\n<li><div class=\"wp-block-latest-posts__featured-image aligncenter\"><a href=\"https:\/\/crescitaeducativa.com\/en\/conosciamo-i-bias\/\" aria-label=\"Cosa sono i bias\"><img decoding=\"async\" width=\"150\" height=\"150\" src=\"https:\/\/crescitaeducativa.com\/wp-content\/uploads\/image_carousel_thumbs\/Bias-6-e1655827962279-150x150-pqncvtlsstwyglcwfbs1fq2igtwtk5qf63mdt3nn60.png\" class=\"attachment-thumbnail size-thumbnail wp-post-image\" alt=\"\" style=\"max-width:125px;max-height:125px;\" srcset=\"https:\/\/crescitaeducativa.com\/wp-content\/uploads\/2022\/06\/Bias-6-e1655827962279-150x150.png 150w, https:\/\/crescitaeducativa.com\/wp-content\/uploads\/2022\/06\/Bias-6-e1655827962279-300x300.png 300w, https:\/\/crescitaeducativa.com\/wp-content\/uploads\/2022\/06\/Bias-6-e1655827962279-100x100.png 100w\" sizes=\"(max-width: 150px) 100vw, 150px\" \/><\/a><\/div><a class=\"wp-block-latest-posts__post-title\" href=\"https:\/\/crescitaeducativa.com\/en\/conosciamo-i-bias\/\">Cosa sono i bias<\/a><time datetime=\"2022-06-21T15:03:55+00:00\" class=\"wp-block-latest-posts__post-date\">21 June 2022<\/time><div class=\"wp-block-latest-posts__post-excerpt\">Cosa sono i bias? Cosa sono i bias?I bias sono una scorciatoia che la\u2026 <a class=\"wp-block-latest-posts__read-more\" href=\"https:\/\/crescitaeducativa.com\/en\/conosciamo-i-bias\/\" rel=\"noopener noreferrer\">Read more<span class=\"screen-reader-text\">: Cosa sono i bias<\/span><\/a><\/div><\/li>\n<li><div class=\"wp-block-latest-posts__featured-image aligncenter\"><a href=\"https:\/\/crescitaeducativa.com\/en\/gestione-del-tempo\/\" aria-label=\"Gestione del tempo\"><img decoding=\"async\" width=\"150\" height=\"150\" src=\"https:\/\/crescitaeducativa.com\/wp-content\/uploads\/image_carousel_thumbs\/tempo-150x150-pqk50tlw1q4pspyv4w0tmreux28mbs5ipkfqvq1frc.png\" class=\"attachment-thumbnail size-thumbnail wp-post-image\" alt=\"\" style=\"max-width:125px;max-height:125px;\" srcset=\"https:\/\/crescitaeducativa.com\/wp-content\/uploads\/2022\/05\/tempo-150x150.png 150w, https:\/\/crescitaeducativa.com\/wp-content\/uploads\/2022\/05\/tempo-300x300.png 300w, https:\/\/crescitaeducativa.com\/wp-content\/uploads\/2022\/05\/tempo-12x12.png 12w, https:\/\/crescitaeducativa.com\/wp-content\/uploads\/2022\/05\/tempo-100x100.png 100w, https:\/\/crescitaeducativa.com\/wp-content\/uploads\/2022\/05\/tempo.png 600w\" sizes=\"(max-width: 150px) 100vw, 150px\" \/><\/a><\/div><a class=\"wp-block-latest-posts__post-title\" href=\"https:\/\/crescitaeducativa.com\/en\/gestione-del-tempo\/\">Gestione del tempo<\/a><time datetime=\"2022-05-28T15:38:14+00:00\" class=\"wp-block-latest-posts__post-date\">28 May 2022<\/time><div class=\"wp-block-latest-posts__post-excerpt\">LA GESTIONE DEL TEMPO Quasi tutti hanno sentito parlare della gestione del tempo, tuttavia\u2026 <a class=\"wp-block-latest-posts__read-more\" href=\"https:\/\/crescitaeducativa.com\/en\/gestione-del-tempo\/\" rel=\"noopener noreferrer\">Read more<span class=\"screen-reader-text\">: Gestione del tempo<\/span><\/a><\/div><\/li>\n<li><div class=\"wp-block-latest-posts__featured-image aligncenter\"><a href=\"https:\/\/crescitaeducativa.com\/en\/sappiamo-giudicare-oltre-il-pregiudizio\/\" aria-label=\"Sappiamo giudicare oltre il pregiudizio\"><img decoding=\"async\" width=\"150\" height=\"150\" src=\"https:\/\/crescitaeducativa.com\/wp-content\/uploads\/image_carousel_thumbs\/pregiudizi-2-150x150-pqk4ah6qhw2ee68hz0298wqrja39l6kcr66tnj3o5k.png\" class=\"attachment-thumbnail size-thumbnail wp-post-image\" alt=\"\" style=\"max-width:125px;max-height:125px;\" srcset=\"https:\/\/crescitaeducativa.com\/wp-content\/uploads\/2022\/04\/pregiudizi-2-150x150.png 150w, https:\/\/crescitaeducativa.com\/wp-content\/uploads\/2022\/04\/pregiudizi-2-300x300.png 300w, https:\/\/crescitaeducativa.com\/wp-content\/uploads\/2022\/04\/pregiudizi-2-100x100.png 100w\" sizes=\"(max-width: 150px) 100vw, 150px\" \/><\/a><\/div><a class=\"wp-block-latest-posts__post-title\" href=\"https:\/\/crescitaeducativa.com\/en\/sappiamo-giudicare-oltre-il-pregiudizio\/\">Sappiamo giudicare oltre il pregiudizio<\/a><time datetime=\"2022-04-28T10:35:31+00:00\" class=\"wp-block-latest-posts__post-date\">28 April 2022<\/time><div class=\"wp-block-latest-posts__post-excerpt\">Giudicare oltre il pregiudizio Scolasticamente, con il termine &#8216;pregiudizio&#8217; si indica un\u2019opinione (giudizio) basata\u2026 <a class=\"wp-block-latest-posts__read-more\" href=\"https:\/\/crescitaeducativa.com\/en\/sappiamo-giudicare-oltre-il-pregiudizio\/\" rel=\"noopener noreferrer\">Read more<span class=\"screen-reader-text\">: Sappiamo giudicare oltre il pregiudizio<\/span><\/a><\/div><\/li>\n<\/ul><\/div><\/div>\n<\/div>\n<\/div>","protected":false},"excerpt":{"rendered":"<p>Intelligenza emotiva per conciliare sentimenti e ragione Negli ultimi anni, il tema dell&#8217;intelligenza emotiva \u00e8 diventato sempre pi\u00f9 popolare. Le persone con un QI (quoziente intellettivo) medio hanno dimostrato di poter superare le performance di persone con un QI elevato di circa il 70% delle volte. Questo perch\u00e9 hanno un&#8217;intelligenza emotiva maggiormente sviluppata. L&#8217;intelligenza emotiva [&hellip;]<\/p>","protected":false},"author":1,"featured_media":3913,"comment_status":"closed","ping_status":"closed","sticky":false,"template":"","format":"standard","meta":{"_monsterinsights_skip_tracking":false,"_monsterinsights_sitenote_active":false,"_monsterinsights_sitenote_note":"","_monsterinsights_sitenote_category":0,"site-sidebar-layout":"default","site-content-layout":"","ast-site-content-layout":"default","site-content-style":"default","site-sidebar-style":"default","ast-global-header-display":"","ast-banner-title-visibility":"","ast-main-header-display":"","ast-hfb-above-header-display":"","ast-hfb-below-header-display":"","ast-hfb-mobile-header-display":"","site-post-title":"disabled","ast-breadcrumbs-content":"","ast-featured-img":"","footer-sml-layout":"","ast-disable-related-posts":"","theme-transparent-header-meta":"","adv-header-id-meta":"","stick-header-meta":"","header-above-stick-meta":"","header-main-stick-meta":"","header-below-stick-meta":"","astra-migrate-meta-layouts":"default","ast-page-background-enabled":"default","ast-page-background-meta":{"desktop":{"background-color":"","background-image":"","background-repeat":"repeat","background-position":"center center","background-size":"auto","background-attachment":"scroll","background-type":"","background-media":"","overlay-type":"","overlay-color":"","overlay-opacity":"","overlay-gradient":""},"tablet":{"background-color":"","background-image":"","background-repeat":"repeat","background-position":"center center","background-size":"auto","background-attachment":"scroll","background-type":"","background-media":"","overlay-type":"","overlay-color":"","overlay-opacity":"","overlay-gradient":""},"mobile":{"background-color":"","background-image":"","background-repeat":"repeat","background-position":"center center","background-size":"auto","background-attachment":"scroll","background-type":"","background-media":"","overlay-type":"","overlay-color":"","overlay-opacity":"","overlay-gradient":""}},"ast-content-background-meta":{"desktop":{"background-color":"var(--ast-global-color-5)","background-image":"","background-repeat":"repeat","background-position":"center center","background-size":"auto","background-attachment":"scroll","background-type":"","background-media":"","overlay-type":"","overlay-color":"","overlay-opacity":"","overlay-gradient":""},"tablet":{"background-color":"var(--ast-global-color-5)","background-image":"","background-repeat":"repeat","background-position":"center center","background-size":"auto","background-attachment":"scroll","background-type":"","background-media":"","overlay-type":"","overlay-color":"","overlay-opacity":"","overlay-gradient":""},"mobile":{"background-color":"var(--ast-global-color-5)","background-image":"","background-repeat":"repeat","background-position":"center center","background-size":"auto","background-attachment":"scroll","background-type":"","background-media":"","overlay-type":"","overlay-color":"","overlay-opacity":"","overlay-gradient":""}},"footnotes":""},"categories":[36],"tags":[],"class_list":["post-3285","post","type-post","status-publish","format-standard","has-post-thumbnail","hentry","category-homepage"],"yoast_head":"<!-- This site is optimized with the Yoast SEO plugin v27.5 - https:\/\/yoast.com\/product\/yoast-seo-wordpress\/ -->\n<title>Intelligenza emotiva - Crescita Educativa<\/title>\n<meta name=\"description\" content=\"L&#039;intelligenza emotiva \u00e8 la capacit\u00e0 di valutare, controllare ed esprimere le proprie emozioni e di valutare i sentimenti degli altri.\" \/>\n<meta name=\"robots\" content=\"index, follow, max-snippet:-1, max-image-preview:large, max-video-preview:-1\" \/>\n<link rel=\"canonical\" href=\"https:\/\/crescitaeducativa.com\/en\/intelligenza-emotiva\/\" \/>\n<meta property=\"og:locale\" content=\"en_GB\" \/>\n<meta property=\"og:type\" content=\"article\" \/>\n<meta property=\"og:title\" content=\"Intelligenza emotiva - Crescita Educativa\" \/>\n<meta property=\"og:description\" content=\"L&#039;intelligenza emotiva \u00e8 la capacit\u00e0 di valutare, controllare ed esprimere le proprie emozioni e di valutare i sentimenti degli altri.\" \/>\n<meta property=\"og:url\" content=\"https:\/\/crescitaeducativa.com\/en\/intelligenza-emotiva\/\" \/>\n<meta property=\"og:site_name\" content=\"Crescita Educativa\" \/>\n<meta property=\"article:publisher\" content=\"https:\/\/www.facebook.com\/profile.php?id=100071319623794\" \/>\n<meta property=\"article:author\" content=\"https:\/\/www.facebook.com\/profile.php?id=100071319623794\" \/>\n<meta property=\"article:published_time\" content=\"2022-03-14T10:30:13+00:00\" \/>\n<meta property=\"article:modified_time\" content=\"2023-01-27T08:16:39+00:00\" \/>\n<meta property=\"og:image\" content=\"https:\/\/crescitaeducativa.com\/wp-content\/uploads\/2022\/03\/emozioni.png\" \/>\n\t<meta property=\"og:image:width\" content=\"600\" \/>\n\t<meta property=\"og:image:height\" content=\"600\" \/>\n\t<meta property=\"og:image:type\" content=\"image\/png\" \/>\n<meta name=\"author\" content=\"Daniele\" \/>\n<meta name=\"twitter:card\" content=\"summary_large_image\" \/>\n<meta name=\"twitter:label1\" content=\"Written by\" \/>\n\t<meta name=\"twitter:data1\" content=\"Daniele\" \/>\n\t<meta name=\"twitter:label2\" content=\"Estimated reading time\" \/>\n\t<meta name=\"twitter:data2\" content=\"4 minutes\" \/>\n<script type=\"application\/ld+json\" class=\"yoast-schema-graph\">{\"@context\":\"https:\\\/\\\/schema.org\",\"@graph\":[{\"@type\":\"Article\",\"@id\":\"https:\\\/\\\/crescitaeducativa.com\\\/it_it\\\/intelligenza-emotiva\\\/#article\",\"isPartOf\":{\"@id\":\"https:\\\/\\\/crescitaeducativa.com\\\/it_it\\\/intelligenza-emotiva\\\/\"},\"author\":{\"name\":\"Daniele\",\"@id\":\"http:\\\/\\\/crescitaeducativa.com\\\/it_it\\\/#\\\/schema\\\/person\\\/2caf1143147e626ad401aa3c9efb597f\"},\"headline\":\"Intelligenza emotiva\",\"datePublished\":\"2022-03-14T10:30:13+00:00\",\"dateModified\":\"2023-01-27T08:16:39+00:00\",\"mainEntityOfPage\":{\"@id\":\"https:\\\/\\\/crescitaeducativa.com\\\/it_it\\\/intelligenza-emotiva\\\/\"},\"wordCount\":552,\"publisher\":{\"@id\":\"http:\\\/\\\/crescitaeducativa.com\\\/it_it\\\/#\\\/schema\\\/person\\\/2caf1143147e626ad401aa3c9efb597f\"},\"image\":{\"@id\":\"https:\\\/\\\/crescitaeducativa.com\\\/it_it\\\/intelligenza-emotiva\\\/#primaryimage\"},\"thumbnailUrl\":\"https:\\\/\\\/crescitaeducativa.com\\\/wp-content\\\/uploads\\\/2022\\\/03\\\/emozioni.png\",\"articleSection\":[\"prima pagina\"],\"inLanguage\":\"en-GB\"},{\"@type\":\"WebPage\",\"@id\":\"https:\\\/\\\/crescitaeducativa.com\\\/it_it\\\/intelligenza-emotiva\\\/\",\"url\":\"https:\\\/\\\/crescitaeducativa.com\\\/it_it\\\/intelligenza-emotiva\\\/\",\"name\":\"Intelligenza emotiva - Crescita Educativa\",\"isPartOf\":{\"@id\":\"http:\\\/\\\/crescitaeducativa.com\\\/it_it\\\/#website\"},\"primaryImageOfPage\":{\"@id\":\"https:\\\/\\\/crescitaeducativa.com\\\/it_it\\\/intelligenza-emotiva\\\/#primaryimage\"},\"image\":{\"@id\":\"https:\\\/\\\/crescitaeducativa.com\\\/it_it\\\/intelligenza-emotiva\\\/#primaryimage\"},\"thumbnailUrl\":\"https:\\\/\\\/crescitaeducativa.com\\\/wp-content\\\/uploads\\\/2022\\\/03\\\/emozioni.png\",\"datePublished\":\"2022-03-14T10:30:13+00:00\",\"dateModified\":\"2023-01-27T08:16:39+00:00\",\"description\":\"L'intelligenza emotiva \u00e8 la capacit\u00e0 di valutare, controllare ed esprimere le proprie emozioni e di valutare i sentimenti degli altri.\",\"breadcrumb\":{\"@id\":\"https:\\\/\\\/crescitaeducativa.com\\\/it_it\\\/intelligenza-emotiva\\\/#breadcrumb\"},\"inLanguage\":\"en-GB\",\"potentialAction\":[{\"@type\":\"ReadAction\",\"target\":[\"https:\\\/\\\/crescitaeducativa.com\\\/it_it\\\/intelligenza-emotiva\\\/\"]}]},{\"@type\":\"ImageObject\",\"inLanguage\":\"en-GB\",\"@id\":\"https:\\\/\\\/crescitaeducativa.com\\\/it_it\\\/intelligenza-emotiva\\\/#primaryimage\",\"url\":\"https:\\\/\\\/crescitaeducativa.com\\\/wp-content\\\/uploads\\\/2022\\\/03\\\/emozioni.png\",\"contentUrl\":\"https:\\\/\\\/crescitaeducativa.com\\\/wp-content\\\/uploads\\\/2022\\\/03\\\/emozioni.png\",\"width\":600,\"height\":600},{\"@type\":\"BreadcrumbList\",\"@id\":\"https:\\\/\\\/crescitaeducativa.com\\\/it_it\\\/intelligenza-emotiva\\\/#breadcrumb\",\"itemListElement\":[{\"@type\":\"ListItem\",\"position\":1,\"name\":\"Home\",\"item\":\"http:\\\/\\\/crescitaeducativa.com\\\/it_it\\\/\"},{\"@type\":\"ListItem\",\"position\":2,\"name\":\"Intelligenza emotiva\"}]},{\"@type\":\"WebSite\",\"@id\":\"http:\\\/\\\/crescitaeducativa.com\\\/it_it\\\/#website\",\"url\":\"http:\\\/\\\/crescitaeducativa.com\\\/it_it\\\/\",\"name\":\"Crescita Educativa\",\"description\":\"Strategie per un aiuto quotidiano\",\"publisher\":{\"@id\":\"http:\\\/\\\/crescitaeducativa.com\\\/it_it\\\/#\\\/schema\\\/person\\\/2caf1143147e626ad401aa3c9efb597f\"},\"potentialAction\":[{\"@type\":\"SearchAction\",\"target\":{\"@type\":\"EntryPoint\",\"urlTemplate\":\"http:\\\/\\\/crescitaeducativa.com\\\/it_it\\\/?s={search_term_string}\"},\"query-input\":{\"@type\":\"PropertyValueSpecification\",\"valueRequired\":true,\"valueName\":\"search_term_string\"}}],\"inLanguage\":\"en-GB\"},{\"@type\":[\"Person\",\"Organization\"],\"@id\":\"http:\\\/\\\/crescitaeducativa.com\\\/it_it\\\/#\\\/schema\\\/person\\\/2caf1143147e626ad401aa3c9efb597f\",\"name\":\"Daniele\",\"image\":{\"@type\":\"ImageObject\",\"inLanguage\":\"en-GB\",\"@id\":\"http:\\\/\\\/crescitaeducativa.com\\\/wp-content\\\/uploads\\\/2022\\\/06\\\/logo-finale-e1656349825223.png\",\"url\":\"http:\\\/\\\/crescitaeducativa.com\\\/wp-content\\\/uploads\\\/2022\\\/06\\\/logo-finale-e1656349825223.png\",\"contentUrl\":\"http:\\\/\\\/crescitaeducativa.com\\\/wp-content\\\/uploads\\\/2022\\\/06\\\/logo-finale-e1656349825223.png\",\"width\":340,\"height\":199,\"caption\":\"Daniele\"},\"logo\":{\"@id\":\"http:\\\/\\\/crescitaeducativa.com\\\/wp-content\\\/uploads\\\/2022\\\/06\\\/logo-finale-e1656349825223.png\"},\"sameAs\":[\"http:\\\/\\\/crescitaeducativa.com\\\/\",\"https:\\\/\\\/www.facebook.com\\\/profile.php?id=100071319623794\"],\"url\":\"https:\\\/\\\/crescitaeducativa.com\\\/en\\\/author\\\/fandomstore3-0gmail-com\\\/\"}]}<\/script>\n<!-- \/ Yoast SEO plugin. -->","yoast_head_json":{"title":"Intelligenza emotiva - Crescita Educativa","description":"L'intelligenza emotiva \u00e8 la capacit\u00e0 di valutare, controllare ed esprimere le proprie emozioni e di valutare i sentimenti degli altri.","robots":{"index":"index","follow":"follow","max-snippet":"max-snippet:-1","max-image-preview":"max-image-preview:large","max-video-preview":"max-video-preview:-1"},"canonical":"https:\/\/crescitaeducativa.com\/en\/intelligenza-emotiva\/","og_locale":"en_GB","og_type":"article","og_title":"Intelligenza emotiva - Crescita Educativa","og_description":"L'intelligenza emotiva \u00e8 la capacit\u00e0 di valutare, controllare ed esprimere le proprie emozioni e di valutare i sentimenti degli altri.","og_url":"https:\/\/crescitaeducativa.com\/en\/intelligenza-emotiva\/","og_site_name":"Crescita Educativa","article_publisher":"https:\/\/www.facebook.com\/profile.php?id=100071319623794","article_author":"https:\/\/www.facebook.com\/profile.php?id=100071319623794","article_published_time":"2022-03-14T10:30:13+00:00","article_modified_time":"2023-01-27T08:16:39+00:00","og_image":[{"width":600,"height":600,"url":"https:\/\/crescitaeducativa.com\/wp-content\/uploads\/2022\/03\/emozioni.png","type":"image\/png"}],"author":"Daniele","twitter_card":"summary_large_image","twitter_misc":{"Written by":"Daniele","Estimated reading time":"4 minutes"},"schema":{"@context":"https:\/\/schema.org","@graph":[{"@type":"Article","@id":"https:\/\/crescitaeducativa.com\/it_it\/intelligenza-emotiva\/#article","isPartOf":{"@id":"https:\/\/crescitaeducativa.com\/it_it\/intelligenza-emotiva\/"},"author":{"name":"Daniele","@id":"http:\/\/crescitaeducativa.com\/it_it\/#\/schema\/person\/2caf1143147e626ad401aa3c9efb597f"},"headline":"Intelligenza emotiva","datePublished":"2022-03-14T10:30:13+00:00","dateModified":"2023-01-27T08:16:39+00:00","mainEntityOfPage":{"@id":"https:\/\/crescitaeducativa.com\/it_it\/intelligenza-emotiva\/"},"wordCount":552,"publisher":{"@id":"http:\/\/crescitaeducativa.com\/it_it\/#\/schema\/person\/2caf1143147e626ad401aa3c9efb597f"},"image":{"@id":"https:\/\/crescitaeducativa.com\/it_it\/intelligenza-emotiva\/#primaryimage"},"thumbnailUrl":"https:\/\/crescitaeducativa.com\/wp-content\/uploads\/2022\/03\/emozioni.png","articleSection":["prima pagina"],"inLanguage":"en-GB"},{"@type":"WebPage","@id":"https:\/\/crescitaeducativa.com\/it_it\/intelligenza-emotiva\/","url":"https:\/\/crescitaeducativa.com\/it_it\/intelligenza-emotiva\/","name":"Intelligenza emotiva - Crescita Educativa","isPartOf":{"@id":"http:\/\/crescitaeducativa.com\/it_it\/#website"},"primaryImageOfPage":{"@id":"https:\/\/crescitaeducativa.com\/it_it\/intelligenza-emotiva\/#primaryimage"},"image":{"@id":"https:\/\/crescitaeducativa.com\/it_it\/intelligenza-emotiva\/#primaryimage"},"thumbnailUrl":"https:\/\/crescitaeducativa.com\/wp-content\/uploads\/2022\/03\/emozioni.png","datePublished":"2022-03-14T10:30:13+00:00","dateModified":"2023-01-27T08:16:39+00:00","description":"L'intelligenza emotiva \u00e8 la capacit\u00e0 di valutare, controllare ed esprimere le proprie emozioni e di valutare i sentimenti degli altri.","breadcrumb":{"@id":"https:\/\/crescitaeducativa.com\/it_it\/intelligenza-emotiva\/#breadcrumb"},"inLanguage":"en-GB","potentialAction":[{"@type":"ReadAction","target":["https:\/\/crescitaeducativa.com\/it_it\/intelligenza-emotiva\/"]}]},{"@type":"ImageObject","inLanguage":"en-GB","@id":"https:\/\/crescitaeducativa.com\/it_it\/intelligenza-emotiva\/#primaryimage","url":"https:\/\/crescitaeducativa.com\/wp-content\/uploads\/2022\/03\/emozioni.png","contentUrl":"https:\/\/crescitaeducativa.com\/wp-content\/uploads\/2022\/03\/emozioni.png","width":600,"height":600},{"@type":"BreadcrumbList","@id":"https:\/\/crescitaeducativa.com\/it_it\/intelligenza-emotiva\/#breadcrumb","itemListElement":[{"@type":"ListItem","position":1,"name":"Home","item":"http:\/\/crescitaeducativa.com\/it_it\/"},{"@type":"ListItem","position":2,"name":"Intelligenza emotiva"}]},{"@type":"WebSite","@id":"http:\/\/crescitaeducativa.com\/it_it\/#website","url":"http:\/\/crescitaeducativa.com\/it_it\/","name":"Crescita Educativa","description":"Strategie per un aiuto quotidiano","publisher":{"@id":"http:\/\/crescitaeducativa.com\/it_it\/#\/schema\/person\/2caf1143147e626ad401aa3c9efb597f"},"potentialAction":[{"@type":"SearchAction","target":{"@type":"EntryPoint","urlTemplate":"http:\/\/crescitaeducativa.com\/it_it\/?s={search_term_string}"},"query-input":{"@type":"PropertyValueSpecification","valueRequired":true,"valueName":"search_term_string"}}],"inLanguage":"en-GB"},{"@type":["Person","Organization"],"@id":"http:\/\/crescitaeducativa.com\/it_it\/#\/schema\/person\/2caf1143147e626ad401aa3c9efb597f","name":"Daniele","image":{"@type":"ImageObject","inLanguage":"en-GB","@id":"http:\/\/crescitaeducativa.com\/wp-content\/uploads\/2022\/06\/logo-finale-e1656349825223.png","url":"http:\/\/crescitaeducativa.com\/wp-content\/uploads\/2022\/06\/logo-finale-e1656349825223.png","contentUrl":"http:\/\/crescitaeducativa.com\/wp-content\/uploads\/2022\/06\/logo-finale-e1656349825223.png","width":340,"height":199,"caption":"Daniele"},"logo":{"@id":"http:\/\/crescitaeducativa.com\/wp-content\/uploads\/2022\/06\/logo-finale-e1656349825223.png"},"sameAs":["http:\/\/crescitaeducativa.com\/","https:\/\/www.facebook.com\/profile.php?id=100071319623794"],"url":"https:\/\/crescitaeducativa.com\/en\/author\/fandomstore3-0gmail-com\/"}]}},"jetpack_featured_media_url":"https:\/\/crescitaeducativa.com\/wp-content\/uploads\/2022\/03\/emozioni.png","_links":{"self":[{"href":"https:\/\/crescitaeducativa.com\/en\/wp-json\/wp\/v2\/posts\/3285","targetHints":{"allow":["GET"]}}],"collection":[{"href":"https:\/\/crescitaeducativa.com\/en\/wp-json\/wp\/v2\/posts"}],"about":[{"href":"https:\/\/crescitaeducativa.com\/en\/wp-json\/wp\/v2\/types\/post"}],"author":[{"embeddable":true,"href":"https:\/\/crescitaeducativa.com\/en\/wp-json\/wp\/v2\/users\/1"}],"replies":[{"embeddable":true,"href":"https:\/\/crescitaeducativa.com\/en\/wp-json\/wp\/v2\/comments?post=3285"}],"version-history":[{"count":25,"href":"https:\/\/crescitaeducativa.com\/en\/wp-json\/wp\/v2\/posts\/3285\/revisions"}],"predecessor-version":[{"id":5142,"href":"https:\/\/crescitaeducativa.com\/en\/wp-json\/wp\/v2\/posts\/3285\/revisions\/5142"}],"wp:featuredmedia":[{"embeddable":true,"href":"https:\/\/crescitaeducativa.com\/en\/wp-json\/wp\/v2\/media\/3913"}],"wp:attachment":[{"href":"https:\/\/crescitaeducativa.com\/en\/wp-json\/wp\/v2\/media?parent=3285"}],"wp:term":[{"taxonomy":"category","embeddable":true,"href":"https:\/\/crescitaeducativa.com\/en\/wp-json\/wp\/v2\/categories?post=3285"},{"taxonomy":"post_tag","embeddable":true,"href":"https:\/\/crescitaeducativa.com\/en\/wp-json\/wp\/v2\/tags?post=3285"}],"curies":[{"name":"wp","href":"https:\/\/api.w.org\/{rel}","templated":true}]}}