{"id":5038,"date":"2023-01-10T11:44:41","date_gmt":"2023-01-10T11:44:41","guid":{"rendered":"http:\/\/crescitaeducativa.com\/?p=5038"},"modified":"2023-01-26T10:56:21","modified_gmt":"2023-01-26T10:56:21","slug":"crisi-energetica","status":"publish","type":"post","link":"https:\/\/crescitaeducativa.com\/en\/crisi-energetica\/","title":{"rendered":"Crisi energetica"},"content":{"rendered":"<div class=\"wp-block-columns is-layout-flex wp-container-core-columns-is-layout-28f84493 wp-block-columns-is-layout-flex\">\n<div class=\"wp-block-column is-layout-flow wp-block-column-is-layout-flow\">\n<div class=\"wp-block-columns is-layout-flex wp-container-core-columns-is-layout-28f84493 wp-block-columns-is-layout-flex\">\n<div class=\"wp-block-column is-layout-flow wp-block-column-is-layout-flow\" style=\"flex-basis:33.33%\">\n<figure class=\"wp-block-image aligncenter size-large is-style-default\"><img decoding=\"async\" width=\"1024\" height=\"1024\" src=\"http:\/\/crescitaeducativa.com\/wp-content\/uploads\/2023\/01\/foto-sito-1024x1024.png\" alt=\"Crisi energetica globale\" class=\"wp-image-5046\" title=\"Crisi energetica\" srcset=\"https:\/\/crescitaeducativa.com\/wp-content\/uploads\/2023\/01\/foto-sito-1024x1024.png 1024w, https:\/\/crescitaeducativa.com\/wp-content\/uploads\/2023\/01\/foto-sito-300x300.png 300w, https:\/\/crescitaeducativa.com\/wp-content\/uploads\/2023\/01\/foto-sito-150x150.png 150w, https:\/\/crescitaeducativa.com\/wp-content\/uploads\/2023\/01\/foto-sito-768x768.png 768w, https:\/\/crescitaeducativa.com\/wp-content\/uploads\/2023\/01\/foto-sito-1536x1536.png 1536w, https:\/\/crescitaeducativa.com\/wp-content\/uploads\/2023\/01\/foto-sito-2048x2048.png 2048w, https:\/\/crescitaeducativa.com\/wp-content\/uploads\/2023\/01\/foto-sito-1320x1320.png 1320w, https:\/\/crescitaeducativa.com\/wp-content\/uploads\/2023\/01\/foto-sito.png 970w\" sizes=\"(max-width: 1024px) 100vw, 1024px\" \/><\/figure>\n<\/div>\n\n\n\n<div class=\"wp-block-column is-layout-flow wp-block-column-is-layout-flow\" style=\"flex-basis:66.66%\">\n<h1 class=\"has-text-align-center has-text-color wp-block-heading\" style=\"color:#271a6a;font-size:30px\">Crisi energetica: 10 regole per un risparmio energetico fai da te<\/h1>\n\n\n\n<p>Vivendo in un periodo di crisi energetica, la principale preoccupazione, di noi consumatori, \u00e8 quella di contenere i costi dell&#8217;energia per salvaguardare i nostri portafogli.<\/p>\n\n\n\n<p>In attesa di una manovra politica mirata, nel nostro piccolo, possiamo attuare accorgimenti che ci permetteranno di abbassare le spese delle bollette di casa, sia di gas sia di energia elettrica. <br>Semplicemente riducendo lo sperpero di energia elettrica.<\/p>\n<\/div>\n<\/div>\n<\/div>\n<\/div>\n\n\n\n<div class=\"wp-block-columns is-layout-flex wp-container-core-columns-is-layout-28f84493 wp-block-columns-is-layout-flex\">\n<div class=\"wp-block-column is-layout-flow wp-block-column-is-layout-flow\" style=\"flex-basis:66.66%\">\n<h2 class=\"has-text-align-center has-text-color wp-block-heading\" style=\"color:#271a6a;font-size:30px\">Le 10 regole <\/h2>\n\n\n\n<div class=\"wp-block-columns is-layout-flex wp-container-core-columns-is-layout-28f84493 wp-block-columns-is-layout-flex\">\n<div class=\"wp-block-column is-layout-flow wp-block-column-is-layout-flow\" style=\"flex-basis:5%\">\n<h2 class=\"wp-block-heading\">1<\/h2>\n<\/div>\n\n\n\n<div class=\"wp-block-column is-layout-flow wp-block-column-is-layout-flow\" style=\"flex-basis:95%\">\n<h2 class=\"wp-block-heading\" style=\"font-size:25px\">Imposta la giusta temperatura dell&#8217;acqua calda nella caldaia<\/h2>\n\n\n\n<div class=\"wp-block-columns is-layout-flex wp-container-core-columns-is-layout-28f84493 wp-block-columns-is-layout-flex\">\n<div class=\"wp-block-column is-layout-flow wp-block-column-is-layout-flow\">\n<div class=\"wp-block-columns is-layout-flex wp-container-core-columns-is-layout-28f84493 wp-block-columns-is-layout-flex\">\n<div class=\"wp-block-column is-layout-flow wp-block-column-is-layout-flow\">\n<p>Normalmente le nostre caldaie di casa, per la produzione di acqua calda, hanno una temperatura impostata sui 70\/75 \u00b0c.<br>Ogni volta che noi apriamo il rubinetto dell&#8217;acqua calda, indipendentemente dal tempo e dall&#8217;uso che ne facciamo, La caldaia entra in funzione. Il gas viene bruciato per riscaldare acqua ad una temperatura di 70\/75\u00b0C. e mantenuta, a questa temperatura, fino al momento esatto in cui richiudiamo il rubinetto.<\/p>\n\n\n\n<p>In estate l&#8217;acqua in entrata alla caldaia pu\u00f2 sfiorare benissimo i 30\u00b0C, considerando le temperature estive che si raggiungono negli ultimi anni. Quindi coprire la distanza di temperatura dai 30 ai 70\u00b0C richiede un consumo medio di gas. <\/p>\n\n\n\n<p>Al contrario, in inverno le temperature scendono. Se consideriamo la temperatura dell&#8217;acqua in entrata di 5\u00b0C, avremmo un consumo di gas maggiore. \u00c8 in queste condizioni che si ha il maggiore consumo di gas, quel gas necessario per consentire all&#8217;acqua di fare un salto di temperatura dai sui 5\u00b0 ai 70\u00b0, di calore, in uscita.<\/p>\n\n\n\n<p>Abbassando la temperatura di regolazione dell&#8217;acqua intorno ai 55\u00b0C si abbassa notevolmente il consumo di gas in quanto il &#8216;salto&#8217; si \u00e8 ridotto.<br>Perch\u00e9 produrre acqua calda a 70\u00b0C se poi la dobbiamo miscelare con l&#8217;acqua fredda per poterla utilizzare?<\/p>\n<\/div>\n<\/div>\n<\/div>\n<\/div>\n<\/div>\n<\/div>\n<\/div>\n\n\n\n<div class=\"wp-block-column is-vertically-aligned-center is-layout-flow wp-block-column-is-layout-flow\" style=\"flex-basis:33.33%\">\n<figure class=\"wp-block-image aligncenter size-large is-resized is-style-default\"><img decoding=\"async\" src=\"http:\/\/crescitaeducativa.com\/wp-content\/uploads\/2023\/01\/foto-sito-1-1024x1024.png\" alt=\"Crisi energetica: imposta la giusta temperatura\" class=\"wp-image-5047\" width=\"378\" height=\"378\" srcset=\"https:\/\/crescitaeducativa.com\/wp-content\/uploads\/2023\/01\/foto-sito-1-1024x1024.png 1024w, https:\/\/crescitaeducativa.com\/wp-content\/uploads\/2023\/01\/foto-sito-1-300x300.png 300w, https:\/\/crescitaeducativa.com\/wp-content\/uploads\/2023\/01\/foto-sito-1-150x150.png 150w, https:\/\/crescitaeducativa.com\/wp-content\/uploads\/2023\/01\/foto-sito-1-1536x1536.png 1536w, https:\/\/crescitaeducativa.com\/wp-content\/uploads\/2023\/01\/foto-sito-1-2048x2048.png 2048w\" sizes=\"(max-width: 378px) 100vw, 378px\" \/><\/figure>\n<\/div>\n<\/div>\n\n\n\n<hr class=\"wp-block-separator has-alpha-channel-opacity\"\/>\n\n\n\n<div class=\"wp-block-columns is-layout-flex wp-container-core-columns-is-layout-28f84493 wp-block-columns-is-layout-flex\">\n<div class=\"wp-block-column is-layout-flow wp-block-column-is-layout-flow\" style=\"flex-basis:5%\">\n<h2 class=\"wp-block-heading\">2<\/h2>\n<\/div>\n\n\n\n<div class=\"wp-block-column is-layout-flow wp-block-column-is-layout-flow\" style=\"flex-basis:95%\">\n<h2 class=\"wp-block-heading\" style=\"font-size:25px\">Evita di aprire il rubinetto dell&#8217;acqua calda per usi brevi<\/h2>\n\n\n\n<div class=\"wp-block-columns is-layout-flex wp-container-core-columns-is-layout-28f84493 wp-block-columns-is-layout-flex\">\n<div class=\"wp-block-column is-layout-flow wp-block-column-is-layout-flow\">\n<p>Ogni volta che noi apriamo il rubinetto dell&#8217;acqua calda mettiamo in funzione la caldaia. <br>Solitamente il tempo di attesa che l&#8217;acqua calda fuoriesca dal rubinetto \u00e8 di circa 30&#8243;\/60&#8243;. Spesso in cucina siamo soliti aprire il rubinetto dell&#8217;acqua calda, inconsciamente, per ogni azione. Magari vogliamo solo lavarci le mani, ma nel momento esatto in cui sta fuoriuscendo l&#8217;acqua calda dal rubinetto abbiamo finito l&#8217;operazione di pulizia e quindi chiudiamo il rubinetto. <br>Nel frattempo la caldaia &#8216;\u00e8 partita&#8217; c&#8217;\u00e8 stato un consumo di gas, l&#8217;acqua calda \u00e8 entrata in circolo, ma non l&#8217;abbiamo usata. <br><strong>Cerchiamo di porre attenzione a questi piccoli gesti che ci conducono a grandi sprechi nel tempo<\/strong>. Ricordiamo che tutto ci\u00f2 che brucia (gas) produce prodotti dannosi per l&#8217;ambiente e per gli esseri viventi.<\/p>\n<\/div>\n<\/div>\n<\/div>\n<\/div>\n\n\n\n<hr class=\"wp-block-separator has-alpha-channel-opacity\"\/>\n\n\n\n<div class=\"wp-block-columns is-layout-flex wp-container-core-columns-is-layout-28f84493 wp-block-columns-is-layout-flex\">\n<div class=\"wp-block-column is-layout-flow wp-block-column-is-layout-flow\" style=\"flex-basis:5%\">\n<h2 class=\"wp-block-heading\">3<\/h2>\n<\/div>\n\n\n\n<div class=\"wp-block-column is-layout-flow wp-block-column-is-layout-flow\" style=\"flex-basis:95%\">\n<h2 class=\"wp-block-heading\" style=\"font-size:25px\">Utilizza al meglio il potere pulente dei detersivi per i piatti<\/h2>\n\n\n\n<div class=\"wp-block-columns is-layout-flex wp-container-core-columns-is-layout-28f84493 wp-block-columns-is-layout-flex\">\n<div class=\"wp-block-column is-layout-flow wp-block-column-is-layout-flow\">\n<p>Tutti noi conosciamo l&#8217;utilizzo della lavastoviglie a pieno carico. Ma sappiamo che i detersivi che noi impieghiamo per il lavaggio, hanno una maggiore efficacia se introduciamo nella lavastoviglie piatti sporchi?<\/p>\n\n\n\n<p>Pre-lavare a mano i piatti, quando non \u00e8 assolutamente indispensabile, \u00e8 uno spreco: <\/p>\n\n\n\n<p><img decoding=\"async\" src=\"http:\/\/crescitaeducativa.com\/wp-content\/uploads\/2023\/01\/acqua-1.png\">  di acqua potabile<br><img decoding=\"async\" src=\"http:\/\/crescitaeducativa.com\/wp-content\/uploads\/2023\/01\/gas-1.png\">  di gas se si utilizza l&#8217;acqua calda<br><img decoding=\"async\" src=\"http:\/\/crescitaeducativa.com\/wp-content\/uploads\/2023\/01\/energia-1.png\">  di energia se l&#8217;acqua \u00e8 spinta in circolo da un&#8217;autoclave <\/p>\n\n\n\n<div class=\"wp-block-columns is-layout-flex wp-container-core-columns-is-layout-28f84493 wp-block-columns-is-layout-flex\">\n<div class=\"wp-block-column is-layout-flow wp-block-column-is-layout-flow\">\n<p>Per eliminare i residuo di cibo basta utilizzare il tovagliolino di carta usato e buttate il tutto nel sacchetto dell&#8217;umido. Di sicuro in cucina c&#8217;\u00e8 sempre un tovagliolino o un foglio di scottex usato. In alternativa usate i residui del pane.<\/p>\n\n\n\n<p>Evita che i piatti escano ancora sporchi dalla lavastoviglie, semplicemente azionando il lavaggio appena terminato il pasto. In questo modo il cibo non si rafferma ed \u00e8 pi\u00f9 facile eliminarlo.<\/p>\n<\/div>\n<\/div>\n<\/div>\n<\/div>\n<\/div>\n<\/div>\n\n\n\n<hr class=\"wp-block-separator has-alpha-channel-opacity\"\/>\n\n\n\n<div class=\"wp-block-columns is-layout-flex wp-container-core-columns-is-layout-28f84493 wp-block-columns-is-layout-flex\">\n<div class=\"wp-block-column is-layout-flow wp-block-column-is-layout-flow\" style=\"flex-basis:5%\">\n<h2 class=\"wp-block-heading\">4<\/h2>\n<\/div>\n\n\n\n<div class=\"wp-block-column is-layout-flow wp-block-column-is-layout-flow\" style=\"flex-basis:95%\">\n<h2 class=\"wp-block-heading\" style=\"font-size:25px\">escludi l&#8217;asciugatura delle stoviglie<\/h2>\n\n\n\n<div class=\"wp-block-columns is-layout-flex wp-container-core-columns-is-layout-28f84493 wp-block-columns-is-layout-flex\">\n<div class=\"wp-block-column is-layout-flow wp-block-column-is-layout-flow\">\n<p>Tutte le lavastoviglie hanno due classe energetiche: <br> <img decoding=\"async\" src=\"http:\/\/crescitaeducativa.com\/wp-content\/uploads\/2023\/01\/lavaggio-1.png\"> per il ciclo di lavaggio <br><img decoding=\"async\" src=\"http:\/\/crescitaeducativa.com\/wp-content\/uploads\/2023\/01\/asciugatura.png\">  per il ciclo di asciugatura<\/p>\n\n\n\n<p>Per tutte le lavastoviglie acquistate prima del 30 novembre 2021 <a href=\"https:\/\/www.dday.it\/redazione\/38649\/-in-arrivo-le-nuove-etichette-energetiche-per-elettrodomestici-ecco-cosa-cambia\" target=\"_blank\" rel=\"noreferrer noopener\">sull&#8217;etichetta energetica <\/a>viene riportata la classe del lavaggio che solitamente \u00e8 la pi\u00f9 alta. La classe energetica relativa all&#8217;asciugatura \u00e8 riportata in basso, tra gli altri dati.<\/p>\n\n\n\n<p>Tutte le lavastoviglie acquistate dopo il 1\u00b0 dicembre 2021  la classe energetica riferita all&#8217;asciugatura viene omessa perch\u00e9 le lavastoviglie possono essere immesse sul mercato comunitario solo se hanno un&#8217;efficacia di asciugatura pari alla classe A.<\/p>\n\n\n\n<p>Indipendentemente dal tipo di modello acquistato, spegnete la lavastoviglie a ciclo di lavaggio terminato.&nbsp;Estromettendo il ciclo di asciugatura risparmiate in elettricit\u00e0 e i coperti si asciugheranno con il calore interno della lavastoviglie prodotto dal ciclo del lavaggio precedentemente effettuato. Ricordate sempre che i contenitori in plastica non saranno mai privi di goccioline, qualsiasi soluzione adottiate.<\/p>\n<\/div>\n<\/div>\n<\/div>\n<\/div>\n\n\n\n<hr class=\"wp-block-separator has-alpha-channel-opacity\"\/>\n\n\n\n<div class=\"wp-block-columns is-layout-flex wp-container-core-columns-is-layout-28f84493 wp-block-columns-is-layout-flex\">\n<div class=\"wp-block-column is-layout-flow wp-block-column-is-layout-flow\" style=\"flex-basis:5%\">\n<h2 class=\"wp-block-heading\">5<\/h2>\n<\/div>\n\n\n\n<div class=\"wp-block-column is-layout-flow wp-block-column-is-layout-flow\" style=\"flex-basis:95%\">\n<h2 class=\"wp-block-heading\" style=\"font-size:25px\">Non pre-riscaldare il bagno con l&#8217;acqua calda della doccia<\/h2>\n\n\n\n<div class=\"wp-block-columns is-layout-flex wp-container-core-columns-is-layout-28f84493 wp-block-columns-is-layout-flex\">\n<div class=\"wp-block-column is-layout-flow wp-block-column-is-layout-flow\">\n<p>Non utilizzare la doccetta con acqua calda per tramutare il bagno in una sauna di vapore caldo. L&#8217;acqua calda non utilizzata per lavarsi si trasforma in tre sprechi:<br><img decoding=\"async\" src=\"http:\/\/crescitaeducativa.com\/wp-content\/uploads\/2023\/01\/gas-1.png\">   Gas<br><img decoding=\"async\" src=\"http:\/\/crescitaeducativa.com\/wp-content\/uploads\/2023\/01\/acqua-1.png\">   Acqua potabile<\/p>\n<\/div>\n<\/div>\n<\/div>\n<\/div>\n\n\n\n<hr class=\"wp-block-separator has-alpha-channel-opacity\"\/>\n\n\n\n<div class=\"wp-block-columns is-layout-flex wp-container-core-columns-is-layout-28f84493 wp-block-columns-is-layout-flex\">\n<div class=\"wp-block-column is-layout-flow wp-block-column-is-layout-flow\" style=\"flex-basis:5%\">\n<h2 class=\"wp-block-heading\">6<\/h2>\n<\/div>\n\n\n\n<div class=\"wp-block-column is-layout-flow wp-block-column-is-layout-flow\" style=\"flex-basis:95%\">\n<h2 class=\"wp-block-heading\" style=\"font-size:25px\">Riutilizza l&#8217;acqua di scarto<\/h2>\n\n\n\n<div class=\"wp-block-columns is-layout-flex wp-container-core-columns-is-layout-28f84493 wp-block-columns-is-layout-flex\">\n<div class=\"wp-block-column is-layout-flow wp-block-column-is-layout-flow\">\n<p>Questa \u00e8 la mia soluzione di risparmio energetico preferita, crisi energetica o non crisi energetica.<br>In attesa che dal rubinetto fuoriesca dell&#8217;acqua calda, raccogliete l&#8217;acqua fredda in una bacinella. L&#8217;acqua raccolta pu\u00f2 essere utilizzata per svuotare il wc o annaffiare le piante. Evitereste di scaricare il sifone, almeno una volta la giorno. <br>Una volta che avete iniziato a padroneggiare questo recupero dell&#8217;acqua applicate la strategia anche quando vi lavate i capelli. <br>Quando lessate le verdure, se le dovete ripassare in padella in un secondo momento, non versate nell&#8217;acqua il sale cos\u00ec utilizzerete l&#8217;acqua di cottura per annaffiare le vostre piante ortive o da appartamento. <\/p>\n\n\n\n<p class=\"has-text-align-center\" style=\"font-size:27px\"><strong>Pensa in grande.<\/strong><\/p>\n<\/div>\n<\/div>\n<\/div>\n<\/div>\n\n\n\n<hr class=\"wp-block-separator has-alpha-channel-opacity\"\/>\n\n\n\n<div class=\"wp-block-columns is-layout-flex wp-container-core-columns-is-layout-28f84493 wp-block-columns-is-layout-flex\">\n<div class=\"wp-block-column is-layout-flow wp-block-column-is-layout-flow\" style=\"flex-basis:5%\">\n<h2 class=\"wp-block-heading\">7<\/h2>\n<\/div>\n\n\n\n<div class=\"wp-block-column is-layout-flow wp-block-column-is-layout-flow\" style=\"flex-basis:95%\">\n<h2 class=\"wp-block-heading\" style=\"font-size:25px\">Utilizza forni con volumi adeguati<\/h2>\n\n\n\n<div class=\"wp-block-columns is-layout-flex wp-container-core-columns-is-layout-28f84493 wp-block-columns-is-layout-flex\">\n<div class=\"wp-block-column is-layout-flow wp-block-column-is-layout-flow\">\n<p>Spesso si tende ad utilizzare il forno da cucina solo per le grandi occasioni perch\u00e9 \u00e8 uno spreco energetico scaldare un volume di 70 litri per cucinare monoporzioni. <br>Utilizzate forni di volumi inferiori. <br>Il volume da riscaldare \u00e8 inferiore quindi il tempo che impiega un fornetto a raggiungere la temperatura \u00e8 minore come \u00e8 minore il tempo impiegato per la cottura del cibo. <br>Personalmente utilizzo un fornetto da 35 litri (a parit\u00e0 di classe energetica). La sua capacit\u00e0 consente di cucinare pietanze per 4 persone e in brevissimo tempo. <br>Mantengo l&#8217;uso del forno da 70lt per le giornate di festa.<\/p>\n<\/div>\n<\/div>\n<\/div>\n<\/div>\n\n\n\n<hr class=\"wp-block-separator has-alpha-channel-opacity\"\/>\n\n\n\n<div class=\"wp-block-columns is-layout-flex wp-container-core-columns-is-layout-28f84493 wp-block-columns-is-layout-flex\">\n<div class=\"wp-block-column is-layout-flow wp-block-column-is-layout-flow\" style=\"flex-basis:5%\">\n<h2 class=\"wp-block-heading\">8<\/h2>\n<\/div>\n\n\n\n<div class=\"wp-block-column is-layout-flow wp-block-column-is-layout-flow\" style=\"flex-basis:95%\">\n<h2 class=\"wp-block-heading\" style=\"font-size:25px\">Spegni il forno, 5 minuti prima della fine della cottura<\/h2>\n\n\n\n<div class=\"wp-block-columns is-layout-flex wp-container-core-columns-is-layout-28f84493 wp-block-columns-is-layout-flex\">\n<div class=\"wp-block-column is-layout-flow wp-block-column-is-layout-flow\">\n<p>Spegni il forno a 5 minuti prima del termine della cottura delle pietanze. Queste continueranno la cottura con il solo calore che rimane intrappolato all&#8217;interno del forno. <\/p>\n<\/div>\n<\/div>\n<\/div>\n<\/div>\n\n\n\n<hr class=\"wp-block-separator has-alpha-channel-opacity\"\/>\n\n\n\n<div class=\"wp-block-columns is-layout-flex wp-container-core-columns-is-layout-28f84493 wp-block-columns-is-layout-flex\">\n<div class=\"wp-block-column is-layout-flow wp-block-column-is-layout-flow\" style=\"flex-basis:5%\">\n<h2 class=\"wp-block-heading\">9<\/h2>\n<\/div>\n\n\n\n<div class=\"wp-block-column is-layout-flow wp-block-column-is-layout-flow\" style=\"flex-basis:95%\">\n<h2 class=\"wp-block-heading\" style=\"font-size:25px\">Utilizza la lavatrice nelle ore pi\u00f9 calde della giornata<\/h2>\n\n\n\n<div class=\"wp-block-columns is-layout-flex wp-container-core-columns-is-layout-28f84493 wp-block-columns-is-layout-flex\">\n<div class=\"wp-block-column is-layout-flow wp-block-column-is-layout-flow\">\n<p>Memori della prima regola del risparmio energetico, utilizziamo la lavatrice nelle ore pi\u00f9 calde della giornata. In questo modo l&#8217;acqua in entrata avr\u00e0 una temperatura pi\u00f9 mite e la lavatrice impiegher\u00e0 meno tempo a riscaldare l&#8217;acqua alla temperatura impostata dal ciclo di lavaggio.<\/p>\n<\/div>\n<\/div>\n<\/div>\n<\/div>\n\n\n\n<hr class=\"wp-block-separator has-alpha-channel-opacity\"\/>\n\n\n\n<div class=\"wp-block-columns is-layout-flex wp-container-core-columns-is-layout-28f84493 wp-block-columns-is-layout-flex\">\n<div class=\"wp-block-column is-layout-flow wp-block-column-is-layout-flow\" style=\"flex-basis:8%\">\n<h2 class=\"wp-block-heading\">10<\/h2>\n<\/div>\n\n\n\n<div class=\"wp-block-column is-layout-flow wp-block-column-is-layout-flow\" style=\"flex-basis:95%\">\n<h2 class=\"wp-block-heading\" style=\"font-size:25px\">Crisi energetica: utilizza i pannelli solari <\/h2>\n\n\n\n<div class=\"wp-block-columns is-layout-flex wp-container-core-columns-is-layout-28f84493 wp-block-columns-is-layout-flex\">\n<div class=\"wp-block-column is-layout-flow wp-block-column-is-layout-flow\">\n<p>Concludiamo il nostro percorso nel risparmio energetico con l&#8217;installazione di pannelli solari: <br><img decoding=\"async\" src=\"http:\/\/crescitaeducativa.com\/wp-content\/uploads\/2023\/01\/acqua-1.png\">  per la produzione di acqua calda<br><img decoding=\"async\" src=\"http:\/\/crescitaeducativa.com\/wp-content\/uploads\/2023\/01\/energia-1.png\">  per la produzione di energia elettrica<br>Il concetto di risparmio energetico non si basa solo sulla convinzione che bisogna trovare delle alternative per la produzione di energia o di acqua calda. Ma si basa sull&#8217;idea che bisogna utilizzare l&#8217;energia nei modi e nei tempi in cui \u00e8 necessaria. <br>Acquistare pannelli solari per illuminare a giorno il giardino di notte \u00e8 un concetto del tutto sbagliato.<br>Bisogna imparare a spegnere le luci che non utilizziamo. Utilizzare lampadine a basso consumo non vi dovrebbe permettere di lasciare accese le luci in camera in prospettiva si un vostro rientro dopo 10 minuti, magari quei 10 minuti potrebbero trasformarsi in 20 minuti. <\/p>\n<\/div>\n<\/div>\n<\/div>\n<\/div>\n\n\n\n<hr class=\"wp-block-separator has-alpha-channel-opacity\"\/>\n\n\n\n<div class=\"wp-block-columns is-layout-flex wp-container-core-columns-is-layout-28f84493 wp-block-columns-is-layout-flex\">\n<div class=\"wp-block-column is-layout-flow wp-block-column-is-layout-flow\">\n<div class=\"wp-block-columns is-layout-flex wp-container-core-columns-is-layout-28f84493 wp-block-columns-is-layout-flex\">\n<div class=\"wp-block-column is-layout-flow wp-block-column-is-layout-flow\">\n<h2 class=\"has-text-align-center has-text-color wp-block-heading\" style=\"color:#271a6a;font-size:30px\">Conclusione per un ottimo risparmio energetico<br>in questo periodo di crisi energetica<\/h2>\n\n\n\n<p>Questa crisi energetica in atto ci da l&#8217;opportunit\u00e0 di riflettere quanto tutto pu\u00f2 essere duttile, improvvisamente. Impariamo ad applicare queste regole di comportamento per un risparmio energetico del nostro portafoglio e trasformiamole in regole abitudinarie della nostra vita. <strong>Per un futuro migliore per i nostri cari, per gli animali e per il pianeta.<\/strong><br>Al prossimo articolo vi guider\u00f2 alla costruzione di un <strong>forno solare<\/strong>, perfettamente funzionante, da realizzare con i vostri bambini utilizzando dei cartoni d&#8217;imballaggio.<\/p>\n<\/div>\n<\/div>\n<\/div>\n<\/div>\n\n\n\n<div class=\"wp-block-columns is-layout-flex wp-container-core-columns-is-layout-28f84493 wp-block-columns-is-layout-flex\">\n<div class=\"wp-block-column has-ast-global-color-6-background-color has-background is-layout-flow wp-block-column-is-layout-flow\" style=\"border-width:1px;flex-basis:80%\">\n<div class=\"wp-block-columns is-layout-flex wp-container-core-columns-is-layout-28f84493 wp-block-columns-is-layout-flex\">\n<div class=\"wp-block-column is-vertically-aligned-center is-layout-flow wp-block-column-is-layout-flow\" style=\"flex-basis:15%\">\n<figure class=\"wp-block-image aligncenter size-large is-resized is-style-default\"><img decoding=\"async\" src=\"http:\/\/crescitaeducativa.com\/wp-content\/uploads\/2022\/12\/4542-1024x1024.jpg\" alt=\"Mi presento\" class=\"wp-image-4959\" width=\"104\" height=\"104\" srcset=\"https:\/\/crescitaeducativa.com\/wp-content\/uploads\/2022\/12\/4542-1024x1024.jpg 1024w, https:\/\/crescitaeducativa.com\/wp-content\/uploads\/2022\/12\/4542-300x300.jpg 300w, https:\/\/crescitaeducativa.com\/wp-content\/uploads\/2022\/12\/4542-150x150.jpg 150w, https:\/\/crescitaeducativa.com\/wp-content\/uploads\/2022\/12\/4542-1536x1536.jpg 1536w, https:\/\/crescitaeducativa.com\/wp-content\/uploads\/2022\/12\/4542-2048x2048.jpg 2048w, https:\/\/crescitaeducativa.com\/wp-content\/uploads\/2022\/12\/4542-100x100.jpg 100w\" sizes=\"(max-width: 104px) 100vw, 104px\" \/><\/figure>\n<\/div>\n\n\n\n<div class=\"wp-block-column is-layout-flow wp-block-column-is-layout-flow\" style=\"flex-basis:2.1%\"><\/div>\n\n\n\n<div class=\"wp-block-column is-layout-flow wp-block-column-is-layout-flow\" style=\"flex-basis:82%\">\n<p><strong>Monia <\/strong>Favale<\/p>\n\n\n\n<p>Lavoro con passione. Le mie passioni sono: la terra, l&#8217;ambiente, la programmazione e crescere le mie figlie. Non sempre in questo ordine.<\/p>\n<\/div>\n<\/div>\n<\/div>\n<\/div>\n\n\n\n<hr class=\"wp-block-separator has-text-color has-vivid-red-color has-css-opacity has-vivid-red-background-color has-background alignfull\"\/>\n\n\n\n<h4 class=\"wp-block-heading\"><mark style=\"background-color:rgba(0, 0, 0, 0);color:#f12d2d\" class=\"has-inline-color\">Articoli correlati<\/mark><\/h4>\n\n\n\n<div class=\"wp-block-columns is-layout-flex wp-container-core-columns-is-layout-28f84493 wp-block-columns-is-layout-flex\">\n<div class=\"wp-block-column is-layout-flow wp-block-column-is-layout-flow\">\n<div class=\"inherit-container-width wp-block-group has-background is-layout-constrained wp-block-group-is-layout-constrained\" style=\"background-color:#fae5ea\"><div class=\"wp-block-group__inner-container\"><ul style=\"font-size:15px;\" class=\"wp-block-latest-posts__list is-grid columns-3 has-dates wp-block-latest-posts\"><li><div class=\"wp-block-latest-posts__featured-image aligncenter\"><a href=\"https:\/\/crescitaeducativa.com\/en\/crisi-energetica\/\" aria-label=\"Crisi energetica\"><img decoding=\"async\" width=\"150\" height=\"150\" src=\"https:\/\/crescitaeducativa.com\/wp-content\/uploads\/2023\/01\/foto-sito-150x150.png\" class=\"attachment-thumbnail size-thumbnail wp-post-image\" alt=\"\" style=\"max-width:125px;max-height:125px;\" srcset=\"https:\/\/crescitaeducativa.com\/wp-content\/uploads\/2023\/01\/foto-sito-150x150.png 150w, https:\/\/crescitaeducativa.com\/wp-content\/uploads\/2023\/01\/foto-sito-300x300.png 300w, https:\/\/crescitaeducativa.com\/wp-content\/uploads\/2023\/01\/foto-sito-1024x1024.png 1024w, https:\/\/crescitaeducativa.com\/wp-content\/uploads\/2023\/01\/foto-sito-768x768.png 768w, https:\/\/crescitaeducativa.com\/wp-content\/uploads\/2023\/01\/foto-sito-1536x1536.png 1536w, https:\/\/crescitaeducativa.com\/wp-content\/uploads\/2023\/01\/foto-sito-2048x2048.png 2048w, https:\/\/crescitaeducativa.com\/wp-content\/uploads\/2023\/01\/foto-sito-1320x1320.png 1320w, https:\/\/crescitaeducativa.com\/wp-content\/uploads\/2023\/01\/foto-sito.png 970w\" sizes=\"(max-width: 150px) 100vw, 150px\" \/><\/a><\/div><a class=\"wp-block-latest-posts__post-title\" href=\"https:\/\/crescitaeducativa.com\/en\/crisi-energetica\/\">Crisi energetica<\/a><time datetime=\"2023-01-10T11:44:41+00:00\" class=\"wp-block-latest-posts__post-date\">10 January 2023<\/time><div class=\"wp-block-latest-posts__post-excerpt\">Crisi energetica: 10 regole per un risparmio energetico fai da te Vivendo in un\u2026 <a class=\"wp-block-latest-posts__read-more\" href=\"https:\/\/crescitaeducativa.com\/en\/crisi-energetica\/\" rel=\"noopener noreferrer\">Read more<span class=\"screen-reader-text\">: Crisi energetica<\/span><\/a><\/div><\/li>\n<li><div class=\"wp-block-latest-posts__featured-image aligncenter\"><a href=\"https:\/\/crescitaeducativa.com\/en\/caccia-al-tesoro\/\" aria-label=\"Caccia al tesoro\"><img decoding=\"async\" width=\"150\" height=\"150\" src=\"https:\/\/crescitaeducativa.com\/wp-content\/uploads\/image_carousel_thumbs\/foto-per-post-sito-1-e1657040433396-150x150-prbs9hf574v8aqu6x0x4eiuihzbshzgeoz6btqiya0.png\" class=\"attachment-thumbnail size-thumbnail wp-post-image\" alt=\"\" style=\"max-width:125px;max-height:125px;\" srcset=\"https:\/\/crescitaeducativa.com\/wp-content\/uploads\/2022\/07\/foto-per-post-sito-1-e1657040433396-150x150.png 150w, https:\/\/crescitaeducativa.com\/wp-content\/uploads\/2022\/07\/foto-per-post-sito-1-e1657040433396-300x300.png 300w, https:\/\/crescitaeducativa.com\/wp-content\/uploads\/2022\/07\/foto-per-post-sito-1-e1657040433396-100x100.png 100w\" sizes=\"(max-width: 150px) 100vw, 150px\" \/><\/a><\/div><a class=\"wp-block-latest-posts__post-title\" href=\"https:\/\/crescitaeducativa.com\/en\/caccia-al-tesoro\/\">Caccia al tesoro<\/a><time datetime=\"2022-07-05T16:29:30+00:00\" class=\"wp-block-latest-posts__post-date\">5 July 2022<\/time><div class=\"wp-block-latest-posts__post-excerpt\">Caccia al tesoro per bambini Dopo una giornata di duro lavoro o di infiniti\u2026 <a class=\"wp-block-latest-posts__read-more\" href=\"https:\/\/crescitaeducativa.com\/en\/caccia-al-tesoro\/\" rel=\"noopener noreferrer\">Read more<span class=\"screen-reader-text\">: Caccia al tesoro<\/span><\/a><\/div><\/li>\n<li><div class=\"wp-block-latest-posts__featured-image aligncenter\"><a href=\"https:\/\/crescitaeducativa.com\/en\/conosciamo-i-bias\/\" aria-label=\"Cosa sono i bias\"><img decoding=\"async\" width=\"150\" height=\"150\" src=\"https:\/\/crescitaeducativa.com\/wp-content\/uploads\/image_carousel_thumbs\/Bias-6-e1655827962279-150x150-pqncvtlsstwyglcwfbs1fq2igtwtk5qf63mdt3nn60.png\" class=\"attachment-thumbnail size-thumbnail wp-post-image\" alt=\"\" style=\"max-width:125px;max-height:125px;\" srcset=\"https:\/\/crescitaeducativa.com\/wp-content\/uploads\/2022\/06\/Bias-6-e1655827962279-150x150.png 150w, https:\/\/crescitaeducativa.com\/wp-content\/uploads\/2022\/06\/Bias-6-e1655827962279-300x300.png 300w, https:\/\/crescitaeducativa.com\/wp-content\/uploads\/2022\/06\/Bias-6-e1655827962279-100x100.png 100w\" sizes=\"(max-width: 150px) 100vw, 150px\" \/><\/a><\/div><a class=\"wp-block-latest-posts__post-title\" href=\"https:\/\/crescitaeducativa.com\/en\/conosciamo-i-bias\/\">Cosa sono i bias<\/a><time datetime=\"2022-06-21T15:03:55+00:00\" class=\"wp-block-latest-posts__post-date\">21 June 2022<\/time><div class=\"wp-block-latest-posts__post-excerpt\">Cosa sono i bias? Cosa sono i bias?I bias sono una scorciatoia che la\u2026 <a class=\"wp-block-latest-posts__read-more\" href=\"https:\/\/crescitaeducativa.com\/en\/conosciamo-i-bias\/\" rel=\"noopener noreferrer\">Read more<span class=\"screen-reader-text\">: Cosa sono i bias<\/span><\/a><\/div><\/li>\n<li><div class=\"wp-block-latest-posts__featured-image aligncenter\"><a href=\"https:\/\/crescitaeducativa.com\/en\/gestione-del-tempo\/\" aria-label=\"Gestione del tempo\"><img decoding=\"async\" width=\"150\" height=\"150\" src=\"https:\/\/crescitaeducativa.com\/wp-content\/uploads\/image_carousel_thumbs\/tempo-150x150-pqk50tlw1q4pspyv4w0tmreux28mbs5ipkfqvq1frc.png\" class=\"attachment-thumbnail size-thumbnail wp-post-image\" alt=\"\" style=\"max-width:125px;max-height:125px;\" srcset=\"https:\/\/crescitaeducativa.com\/wp-content\/uploads\/2022\/05\/tempo-150x150.png 150w, https:\/\/crescitaeducativa.com\/wp-content\/uploads\/2022\/05\/tempo-300x300.png 300w, https:\/\/crescitaeducativa.com\/wp-content\/uploads\/2022\/05\/tempo-12x12.png 12w, https:\/\/crescitaeducativa.com\/wp-content\/uploads\/2022\/05\/tempo-100x100.png 100w, https:\/\/crescitaeducativa.com\/wp-content\/uploads\/2022\/05\/tempo.png 600w\" sizes=\"(max-width: 150px) 100vw, 150px\" \/><\/a><\/div><a class=\"wp-block-latest-posts__post-title\" href=\"https:\/\/crescitaeducativa.com\/en\/gestione-del-tempo\/\">Gestione del tempo<\/a><time datetime=\"2022-05-28T15:38:14+00:00\" class=\"wp-block-latest-posts__post-date\">28 May 2022<\/time><div class=\"wp-block-latest-posts__post-excerpt\">LA GESTIONE DEL TEMPO Quasi tutti hanno sentito parlare della gestione del tempo, tuttavia\u2026 <a class=\"wp-block-latest-posts__read-more\" href=\"https:\/\/crescitaeducativa.com\/en\/gestione-del-tempo\/\" rel=\"noopener noreferrer\">Read more<span class=\"screen-reader-text\">: Gestione del tempo<\/span><\/a><\/div><\/li>\n<li><div class=\"wp-block-latest-posts__featured-image aligncenter\"><a href=\"https:\/\/crescitaeducativa.com\/en\/sappiamo-giudicare-oltre-il-pregiudizio\/\" aria-label=\"Sappiamo giudicare oltre il pregiudizio\"><img decoding=\"async\" width=\"150\" height=\"150\" src=\"https:\/\/crescitaeducativa.com\/wp-content\/uploads\/image_carousel_thumbs\/pregiudizi-2-150x150-pqk4ah6qhw2ee68hz0298wqrja39l6kcr66tnj3o5k.png\" class=\"attachment-thumbnail size-thumbnail wp-post-image\" alt=\"\" style=\"max-width:125px;max-height:125px;\" srcset=\"https:\/\/crescitaeducativa.com\/wp-content\/uploads\/2022\/04\/pregiudizi-2-150x150.png 150w, https:\/\/crescitaeducativa.com\/wp-content\/uploads\/2022\/04\/pregiudizi-2-300x300.png 300w, https:\/\/crescitaeducativa.com\/wp-content\/uploads\/2022\/04\/pregiudizi-2-100x100.png 100w\" sizes=\"(max-width: 150px) 100vw, 150px\" \/><\/a><\/div><a class=\"wp-block-latest-posts__post-title\" href=\"https:\/\/crescitaeducativa.com\/en\/sappiamo-giudicare-oltre-il-pregiudizio\/\">Sappiamo giudicare oltre il pregiudizio<\/a><time datetime=\"2022-04-28T10:35:31+00:00\" class=\"wp-block-latest-posts__post-date\">28 April 2022<\/time><div class=\"wp-block-latest-posts__post-excerpt\">Giudicare oltre il pregiudizio Scolasticamente, con il termine &#8216;pregiudizio&#8217; si indica un\u2019opinione (giudizio) basata\u2026 <a class=\"wp-block-latest-posts__read-more\" href=\"https:\/\/crescitaeducativa.com\/en\/sappiamo-giudicare-oltre-il-pregiudizio\/\" rel=\"noopener noreferrer\">Read more<span class=\"screen-reader-text\">: Sappiamo giudicare oltre il pregiudizio<\/span><\/a><\/div><\/li>\n<\/ul><\/div><\/div>\n<\/div>\n<\/div>","protected":false},"excerpt":{"rendered":"<p>Crisi energetica: 10 regole per un risparmio energetico fai da te Vivendo in un periodo di crisi energetica, la principale preoccupazione, di noi consumatori, \u00e8 quella di contenere i costi dell&#8217;energia per salvaguardare i nostri portafogli. In attesa di una manovra politica mirata, nel nostro piccolo, possiamo attuare accorgimenti che ci permetteranno di abbassare le [&hellip;]<\/p>","protected":false},"author":1,"featured_media":5046,"comment_status":"closed","ping_status":"open","sticky":false,"template":"","format":"standard","meta":{"_monsterinsights_skip_tracking":false,"_monsterinsights_sitenote_active":false,"_monsterinsights_sitenote_note":"","_monsterinsights_sitenote_category":0,"site-sidebar-layout":"default","site-content-layout":"","ast-site-content-layout":"default","site-content-style":"default","site-sidebar-style":"default","ast-global-header-display":"","ast-banner-title-visibility":"","ast-main-header-display":"","ast-hfb-above-header-display":"","ast-hfb-below-header-display":"","ast-hfb-mobile-header-display":"","site-post-title":"disabled","ast-breadcrumbs-content":"","ast-featured-img":"disabled","footer-sml-layout":"","ast-disable-related-posts":"","theme-transparent-header-meta":"","adv-header-id-meta":"","stick-header-meta":"","header-above-stick-meta":"","header-main-stick-meta":"","header-below-stick-meta":"","astra-migrate-meta-layouts":"default","ast-page-background-enabled":"default","ast-page-background-meta":{"desktop":{"background-color":"","background-image":"","background-repeat":"repeat","background-position":"center center","background-size":"auto","background-attachment":"scroll","background-type":"","background-media":"","overlay-type":"","overlay-color":"","overlay-opacity":"","overlay-gradient":""},"tablet":{"background-color":"","background-image":"","background-repeat":"repeat","background-position":"center center","background-size":"auto","background-attachment":"scroll","background-type":"","background-media":"","overlay-type":"","overlay-color":"","overlay-opacity":"","overlay-gradient":""},"mobile":{"background-color":"","background-image":"","background-repeat":"repeat","background-position":"center center","background-size":"auto","background-attachment":"scroll","background-type":"","background-media":"","overlay-type":"","overlay-color":"","overlay-opacity":"","overlay-gradient":""}},"ast-content-background-meta":{"desktop":{"background-color":"var(--ast-global-color-5)","background-image":"","background-repeat":"repeat","background-position":"center center","background-size":"auto","background-attachment":"scroll","background-type":"","background-media":"","overlay-type":"","overlay-color":"","overlay-opacity":"","overlay-gradient":""},"tablet":{"background-color":"var(--ast-global-color-5)","background-image":"","background-repeat":"repeat","background-position":"center center","background-size":"auto","background-attachment":"scroll","background-type":"","background-media":"","overlay-type":"","overlay-color":"","overlay-opacity":"","overlay-gradient":""},"mobile":{"background-color":"var(--ast-global-color-5)","background-image":"","background-repeat":"repeat","background-position":"center center","background-size":"auto","background-attachment":"scroll","background-type":"","background-media":"","overlay-type":"","overlay-color":"","overlay-opacity":"","overlay-gradient":""}},"footnotes":""},"categories":[39,36],"tags":[],"class_list":["post-5038","post","type-post","status-publish","format-standard","has-post-thumbnail","hentry","category-crescita-personale","category-homepage"],"yoast_head":"<!-- This site is optimized with the Yoast SEO plugin v27.4 - https:\/\/yoast.com\/product\/yoast-seo-wordpress\/ -->\n<title>Crisi energetica - Crescita Educativa<\/title>\n<meta name=\"description\" content=\"Crisi Energetica Europea. 10 soluzioni per un risparmio, in denaro, sulla bolletta di casa cos\u00ec da poter salvaguardare il nostro portafoglio.\" \/>\n<meta name=\"robots\" content=\"index, follow, max-snippet:-1, max-image-preview:large, max-video-preview:-1\" \/>\n<link rel=\"canonical\" href=\"https:\/\/crescitaeducativa.com\/en\/crisi-energetica\/\" \/>\n<meta property=\"og:locale\" content=\"en_GB\" \/>\n<meta property=\"og:type\" content=\"article\" \/>\n<meta property=\"og:title\" content=\"Crisi energetica: 10 regole per un risparmio energetico fai da te\" \/>\n<meta property=\"og:description\" content=\"In questo periodo di crisi energetica, nel nostro piccolo, possiamo attuare piccoli accorgimenti che ci permetteranno di abbassare le spese delle bollette di casa. Semplicemente riducendo lo sperpero di energia elettrica.\" \/>\n<meta property=\"og:url\" content=\"https:\/\/crescitaeducativa.com\/en\/crisi-energetica\/\" \/>\n<meta property=\"og:site_name\" content=\"Crescita Educativa\" \/>\n<meta property=\"article:publisher\" content=\"https:\/\/www.facebook.com\/profile.php?id=100071319623794\" \/>\n<meta property=\"article:author\" content=\"https:\/\/www.facebook.com\/profile.php?id=100071319623794\" \/>\n<meta property=\"article:published_time\" content=\"2023-01-10T11:44:41+00:00\" \/>\n<meta property=\"article:modified_time\" content=\"2023-01-26T10:56:21+00:00\" \/>\n<meta property=\"og:image\" content=\"https:\/\/crescitaeducativa.com\/wp-content\/uploads\/2023\/01\/Senza-titolo-940-\u00d7-600-px.png\" \/>\n\t<meta property=\"og:image:width\" content=\"940\" \/>\n\t<meta property=\"og:image:height\" content=\"600\" \/>\n\t<meta property=\"og:image:type\" content=\"image\/png\" \/>\n<meta name=\"author\" content=\"Daniele\" \/>\n<meta name=\"twitter:card\" content=\"summary_large_image\" \/>\n<meta name=\"twitter:title\" content=\"Crisi energetica: 10 regole per un risparmio energetico fai da te\" \/>\n<meta name=\"twitter:description\" content=\"In questo periodo di crisi energetica, nel nostro piccolo, possiamo attuare piccoli accorgimenti che ci permetteranno di abbassare le spese delle bollette di casa. Semplicemente riducendo lo sperpero di energia elettrica.\" \/>\n<meta name=\"twitter:image\" content=\"https:\/\/crescitaeducativa.com\/wp-content\/uploads\/2023\/01\/Senza-titolo-940-\u00d7-600-px.png\" \/>\n<meta name=\"twitter:label1\" content=\"Written by\" \/>\n\t<meta name=\"twitter:data1\" content=\"Daniele\" \/>\n\t<meta name=\"twitter:label2\" content=\"Estimated reading time\" \/>\n\t<meta name=\"twitter:data2\" content=\"10 minutes\" \/>\n<script type=\"application\/ld+json\" class=\"yoast-schema-graph\">{\"@context\":\"https:\\\/\\\/schema.org\",\"@graph\":[{\"@type\":\"Article\",\"@id\":\"https:\\\/\\\/crescitaeducativa.com\\\/it_it\\\/crisi-energetica\\\/#article\",\"isPartOf\":{\"@id\":\"https:\\\/\\\/crescitaeducativa.com\\\/it_it\\\/crisi-energetica\\\/\"},\"author\":{\"name\":\"Daniele\",\"@id\":\"http:\\\/\\\/crescitaeducativa.com\\\/it_it\\\/#\\\/schema\\\/person\\\/2caf1143147e626ad401aa3c9efb597f\"},\"headline\":\"Crisi energetica\",\"datePublished\":\"2023-01-10T11:44:41+00:00\",\"dateModified\":\"2023-01-26T10:56:21+00:00\",\"mainEntityOfPage\":{\"@id\":\"https:\\\/\\\/crescitaeducativa.com\\\/it_it\\\/crisi-energetica\\\/\"},\"wordCount\":1289,\"publisher\":{\"@id\":\"http:\\\/\\\/crescitaeducativa.com\\\/it_it\\\/#\\\/schema\\\/person\\\/2caf1143147e626ad401aa3c9efb597f\"},\"image\":{\"@id\":\"https:\\\/\\\/crescitaeducativa.com\\\/it_it\\\/crisi-energetica\\\/#primaryimage\"},\"thumbnailUrl\":\"https:\\\/\\\/crescitaeducativa.com\\\/wp-content\\\/uploads\\\/2023\\\/01\\\/foto-sito.png\",\"articleSection\":[\"Crescita personale\",\"prima pagina\"],\"inLanguage\":\"en-GB\"},{\"@type\":\"WebPage\",\"@id\":\"https:\\\/\\\/crescitaeducativa.com\\\/it_it\\\/crisi-energetica\\\/\",\"url\":\"https:\\\/\\\/crescitaeducativa.com\\\/it_it\\\/crisi-energetica\\\/\",\"name\":\"Crisi energetica - Crescita Educativa\",\"isPartOf\":{\"@id\":\"http:\\\/\\\/crescitaeducativa.com\\\/it_it\\\/#website\"},\"primaryImageOfPage\":{\"@id\":\"https:\\\/\\\/crescitaeducativa.com\\\/it_it\\\/crisi-energetica\\\/#primaryimage\"},\"image\":{\"@id\":\"https:\\\/\\\/crescitaeducativa.com\\\/it_it\\\/crisi-energetica\\\/#primaryimage\"},\"thumbnailUrl\":\"https:\\\/\\\/crescitaeducativa.com\\\/wp-content\\\/uploads\\\/2023\\\/01\\\/foto-sito.png\",\"datePublished\":\"2023-01-10T11:44:41+00:00\",\"dateModified\":\"2023-01-26T10:56:21+00:00\",\"description\":\"Crisi Energetica Europea. 10 soluzioni per un risparmio, in denaro, sulla bolletta di casa cos\u00ec da poter salvaguardare il nostro portafoglio.\",\"breadcrumb\":{\"@id\":\"https:\\\/\\\/crescitaeducativa.com\\\/it_it\\\/crisi-energetica\\\/#breadcrumb\"},\"inLanguage\":\"en-GB\",\"potentialAction\":[{\"@type\":\"ReadAction\",\"target\":[\"https:\\\/\\\/crescitaeducativa.com\\\/it_it\\\/crisi-energetica\\\/\"]}]},{\"@type\":\"ImageObject\",\"inLanguage\":\"en-GB\",\"@id\":\"https:\\\/\\\/crescitaeducativa.com\\\/it_it\\\/crisi-energetica\\\/#primaryimage\",\"url\":\"https:\\\/\\\/crescitaeducativa.com\\\/wp-content\\\/uploads\\\/2023\\\/01\\\/foto-sito.png\",\"contentUrl\":\"https:\\\/\\\/crescitaeducativa.com\\\/wp-content\\\/uploads\\\/2023\\\/01\\\/foto-sito.png\",\"width\":970,\"height\":970},{\"@type\":\"BreadcrumbList\",\"@id\":\"https:\\\/\\\/crescitaeducativa.com\\\/it_it\\\/crisi-energetica\\\/#breadcrumb\",\"itemListElement\":[{\"@type\":\"ListItem\",\"position\":1,\"name\":\"Home\",\"item\":\"http:\\\/\\\/crescitaeducativa.com\\\/it_it\\\/\"},{\"@type\":\"ListItem\",\"position\":2,\"name\":\"Crisi energetica\"}]},{\"@type\":\"WebSite\",\"@id\":\"http:\\\/\\\/crescitaeducativa.com\\\/it_it\\\/#website\",\"url\":\"http:\\\/\\\/crescitaeducativa.com\\\/it_it\\\/\",\"name\":\"Crescita Educativa\",\"description\":\"Strategie per un aiuto quotidiano\",\"publisher\":{\"@id\":\"http:\\\/\\\/crescitaeducativa.com\\\/it_it\\\/#\\\/schema\\\/person\\\/2caf1143147e626ad401aa3c9efb597f\"},\"potentialAction\":[{\"@type\":\"SearchAction\",\"target\":{\"@type\":\"EntryPoint\",\"urlTemplate\":\"http:\\\/\\\/crescitaeducativa.com\\\/it_it\\\/?s={search_term_string}\"},\"query-input\":{\"@type\":\"PropertyValueSpecification\",\"valueRequired\":true,\"valueName\":\"search_term_string\"}}],\"inLanguage\":\"en-GB\"},{\"@type\":[\"Person\",\"Organization\"],\"@id\":\"http:\\\/\\\/crescitaeducativa.com\\\/it_it\\\/#\\\/schema\\\/person\\\/2caf1143147e626ad401aa3c9efb597f\",\"name\":\"Daniele\",\"image\":{\"@type\":\"ImageObject\",\"inLanguage\":\"en-GB\",\"@id\":\"http:\\\/\\\/crescitaeducativa.com\\\/wp-content\\\/uploads\\\/2022\\\/06\\\/logo-finale-e1656349825223.png\",\"url\":\"http:\\\/\\\/crescitaeducativa.com\\\/wp-content\\\/uploads\\\/2022\\\/06\\\/logo-finale-e1656349825223.png\",\"contentUrl\":\"http:\\\/\\\/crescitaeducativa.com\\\/wp-content\\\/uploads\\\/2022\\\/06\\\/logo-finale-e1656349825223.png\",\"width\":340,\"height\":199,\"caption\":\"Daniele\"},\"logo\":{\"@id\":\"http:\\\/\\\/crescitaeducativa.com\\\/wp-content\\\/uploads\\\/2022\\\/06\\\/logo-finale-e1656349825223.png\"},\"sameAs\":[\"http:\\\/\\\/crescitaeducativa.com\\\/\",\"https:\\\/\\\/www.facebook.com\\\/profile.php?id=100071319623794\"],\"url\":\"https:\\\/\\\/crescitaeducativa.com\\\/en\\\/author\\\/fandomstore3-0gmail-com\\\/\"}]}<\/script>\n<!-- \/ Yoast SEO plugin. -->","yoast_head_json":{"title":"Crisi energetica - Crescita Educativa","description":"Crisi Energetica Europea. 10 soluzioni per un risparmio, in denaro, sulla bolletta di casa cos\u00ec da poter salvaguardare il nostro portafoglio.","robots":{"index":"index","follow":"follow","max-snippet":"max-snippet:-1","max-image-preview":"max-image-preview:large","max-video-preview":"max-video-preview:-1"},"canonical":"https:\/\/crescitaeducativa.com\/en\/crisi-energetica\/","og_locale":"en_GB","og_type":"article","og_title":"Crisi energetica: 10 regole per un risparmio energetico fai da te","og_description":"In questo periodo di crisi energetica, nel nostro piccolo, possiamo attuare piccoli accorgimenti che ci permetteranno di abbassare le spese delle bollette di casa. Semplicemente riducendo lo sperpero di energia elettrica.","og_url":"https:\/\/crescitaeducativa.com\/en\/crisi-energetica\/","og_site_name":"Crescita Educativa","article_publisher":"https:\/\/www.facebook.com\/profile.php?id=100071319623794","article_author":"https:\/\/www.facebook.com\/profile.php?id=100071319623794","article_published_time":"2023-01-10T11:44:41+00:00","article_modified_time":"2023-01-26T10:56:21+00:00","og_image":[{"width":940,"height":600,"url":"https:\/\/crescitaeducativa.com\/wp-content\/uploads\/2023\/01\/Senza-titolo-940-\u00d7-600-px.png","type":"image\/png"}],"author":"Daniele","twitter_card":"summary_large_image","twitter_title":"Crisi energetica: 10 regole per un risparmio energetico fai da te","twitter_description":"In questo periodo di crisi energetica, nel nostro piccolo, possiamo attuare piccoli accorgimenti che ci permetteranno di abbassare le spese delle bollette di casa. Semplicemente riducendo lo sperpero di energia elettrica.","twitter_image":"https:\/\/crescitaeducativa.com\/wp-content\/uploads\/2023\/01\/Senza-titolo-940-\u00d7-600-px.png","twitter_misc":{"Written by":"Daniele","Estimated reading time":"10 minutes"},"schema":{"@context":"https:\/\/schema.org","@graph":[{"@type":"Article","@id":"https:\/\/crescitaeducativa.com\/it_it\/crisi-energetica\/#article","isPartOf":{"@id":"https:\/\/crescitaeducativa.com\/it_it\/crisi-energetica\/"},"author":{"name":"Daniele","@id":"http:\/\/crescitaeducativa.com\/it_it\/#\/schema\/person\/2caf1143147e626ad401aa3c9efb597f"},"headline":"Crisi energetica","datePublished":"2023-01-10T11:44:41+00:00","dateModified":"2023-01-26T10:56:21+00:00","mainEntityOfPage":{"@id":"https:\/\/crescitaeducativa.com\/it_it\/crisi-energetica\/"},"wordCount":1289,"publisher":{"@id":"http:\/\/crescitaeducativa.com\/it_it\/#\/schema\/person\/2caf1143147e626ad401aa3c9efb597f"},"image":{"@id":"https:\/\/crescitaeducativa.com\/it_it\/crisi-energetica\/#primaryimage"},"thumbnailUrl":"https:\/\/crescitaeducativa.com\/wp-content\/uploads\/2023\/01\/foto-sito.png","articleSection":["Crescita personale","prima pagina"],"inLanguage":"en-GB"},{"@type":"WebPage","@id":"https:\/\/crescitaeducativa.com\/it_it\/crisi-energetica\/","url":"https:\/\/crescitaeducativa.com\/it_it\/crisi-energetica\/","name":"Crisi energetica - Crescita Educativa","isPartOf":{"@id":"http:\/\/crescitaeducativa.com\/it_it\/#website"},"primaryImageOfPage":{"@id":"https:\/\/crescitaeducativa.com\/it_it\/crisi-energetica\/#primaryimage"},"image":{"@id":"https:\/\/crescitaeducativa.com\/it_it\/crisi-energetica\/#primaryimage"},"thumbnailUrl":"https:\/\/crescitaeducativa.com\/wp-content\/uploads\/2023\/01\/foto-sito.png","datePublished":"2023-01-10T11:44:41+00:00","dateModified":"2023-01-26T10:56:21+00:00","description":"Crisi Energetica Europea. 10 soluzioni per un risparmio, in denaro, sulla bolletta di casa cos\u00ec da poter salvaguardare il nostro portafoglio.","breadcrumb":{"@id":"https:\/\/crescitaeducativa.com\/it_it\/crisi-energetica\/#breadcrumb"},"inLanguage":"en-GB","potentialAction":[{"@type":"ReadAction","target":["https:\/\/crescitaeducativa.com\/it_it\/crisi-energetica\/"]}]},{"@type":"ImageObject","inLanguage":"en-GB","@id":"https:\/\/crescitaeducativa.com\/it_it\/crisi-energetica\/#primaryimage","url":"https:\/\/crescitaeducativa.com\/wp-content\/uploads\/2023\/01\/foto-sito.png","contentUrl":"https:\/\/crescitaeducativa.com\/wp-content\/uploads\/2023\/01\/foto-sito.png","width":970,"height":970},{"@type":"BreadcrumbList","@id":"https:\/\/crescitaeducativa.com\/it_it\/crisi-energetica\/#breadcrumb","itemListElement":[{"@type":"ListItem","position":1,"name":"Home","item":"http:\/\/crescitaeducativa.com\/it_it\/"},{"@type":"ListItem","position":2,"name":"Crisi energetica"}]},{"@type":"WebSite","@id":"http:\/\/crescitaeducativa.com\/it_it\/#website","url":"http:\/\/crescitaeducativa.com\/it_it\/","name":"Crescita Educativa","description":"Strategie per un aiuto quotidiano","publisher":{"@id":"http:\/\/crescitaeducativa.com\/it_it\/#\/schema\/person\/2caf1143147e626ad401aa3c9efb597f"},"potentialAction":[{"@type":"SearchAction","target":{"@type":"EntryPoint","urlTemplate":"http:\/\/crescitaeducativa.com\/it_it\/?s={search_term_string}"},"query-input":{"@type":"PropertyValueSpecification","valueRequired":true,"valueName":"search_term_string"}}],"inLanguage":"en-GB"},{"@type":["Person","Organization"],"@id":"http:\/\/crescitaeducativa.com\/it_it\/#\/schema\/person\/2caf1143147e626ad401aa3c9efb597f","name":"Daniele","image":{"@type":"ImageObject","inLanguage":"en-GB","@id":"http:\/\/crescitaeducativa.com\/wp-content\/uploads\/2022\/06\/logo-finale-e1656349825223.png","url":"http:\/\/crescitaeducativa.com\/wp-content\/uploads\/2022\/06\/logo-finale-e1656349825223.png","contentUrl":"http:\/\/crescitaeducativa.com\/wp-content\/uploads\/2022\/06\/logo-finale-e1656349825223.png","width":340,"height":199,"caption":"Daniele"},"logo":{"@id":"http:\/\/crescitaeducativa.com\/wp-content\/uploads\/2022\/06\/logo-finale-e1656349825223.png"},"sameAs":["http:\/\/crescitaeducativa.com\/","https:\/\/www.facebook.com\/profile.php?id=100071319623794"],"url":"https:\/\/crescitaeducativa.com\/en\/author\/fandomstore3-0gmail-com\/"}]}},"jetpack_featured_media_url":"https:\/\/crescitaeducativa.com\/wp-content\/uploads\/2023\/01\/foto-sito.png","_links":{"self":[{"href":"https:\/\/crescitaeducativa.com\/en\/wp-json\/wp\/v2\/posts\/5038","targetHints":{"allow":["GET"]}}],"collection":[{"href":"https:\/\/crescitaeducativa.com\/en\/wp-json\/wp\/v2\/posts"}],"about":[{"href":"https:\/\/crescitaeducativa.com\/en\/wp-json\/wp\/v2\/types\/post"}],"author":[{"embeddable":true,"href":"https:\/\/crescitaeducativa.com\/en\/wp-json\/wp\/v2\/users\/1"}],"replies":[{"embeddable":true,"href":"https:\/\/crescitaeducativa.com\/en\/wp-json\/wp\/v2\/comments?post=5038"}],"version-history":[{"count":27,"href":"https:\/\/crescitaeducativa.com\/en\/wp-json\/wp\/v2\/posts\/5038\/revisions"}],"predecessor-version":[{"id":5182,"href":"https:\/\/crescitaeducativa.com\/en\/wp-json\/wp\/v2\/posts\/5038\/revisions\/5182"}],"wp:featuredmedia":[{"embeddable":true,"href":"https:\/\/crescitaeducativa.com\/en\/wp-json\/wp\/v2\/media\/5046"}],"wp:attachment":[{"href":"https:\/\/crescitaeducativa.com\/en\/wp-json\/wp\/v2\/media?parent=5038"}],"wp:term":[{"taxonomy":"category","embeddable":true,"href":"https:\/\/crescitaeducativa.com\/en\/wp-json\/wp\/v2\/categories?post=5038"},{"taxonomy":"post_tag","embeddable":true,"href":"https:\/\/crescitaeducativa.com\/en\/wp-json\/wp\/v2\/tags?post=5038"}],"curies":[{"name":"wp","href":"https:\/\/api.w.org\/{rel}","templated":true}]}}